{"id":117228,"date":"2021-05-22T13:18:02","date_gmt":"2021-05-22T17:18:02","guid":{"rendered":"https:\/\/linitiative.ca\/International\/quatre-generaux-dun-pays-maghrebin-impliques-dans-lentree-frauduleuse-du-chef-du-polisario-en-espagne-mae\/"},"modified":"2021-05-22T13:18:02","modified_gmt":"2021-05-22T17:18:02","slug":"quatre-generaux-dun-pays-maghrebin-impliques-dans-lentree-frauduleuse-du-chef-du-polisario-en-espagne-mae","status":"publish","type":"post","link":"https:\/\/linitiative.ca\/International\/quatre-generaux-dun-pays-maghrebin-impliques-dans-lentree-frauduleuse-du-chef-du-polisario-en-espagne-mae\/","title":{"rendered":"Quatre g\u00e9n\u00e9raux d\u2019un pays maghr\u00e9bin impliqu\u00e9s dans l\u2019entr\u00e9e frauduleuse du chef du polisario en Espagne (MAE)"},"content":{"rendered":"<div readability=\"32\">\n<p>Publi\u00e9 le 22.05.2021 \u00e0 18h18 par APA News<\/p>\n<\/div>\n<div readability=\"87\">\n<p>L\u2019ambassadeur directeur g\u00e9n\u00e9ral des affaires politiques au minist\u00e8re marocain des Affaires \u00e9trang\u00e8res, Fouad Yazourh, a r\u00e9v\u00e9l\u00e9, samedi, que l\u2019entr\u00e9e frauduleuse en Espagne du chef du polisario, Brahim Ghali, a eu lieu avec la complicit\u00e9 et l\u2019ing\u00e9rence de quatre g\u00e9n\u00e9raux d\u2019un pays maghr\u00e9bin, appelant \u00e0 une enqu\u00eate transparente pour jeter toute la lumi\u00e8re sur cette affaire.\u00a0\u00ab Une enqu\u00eate que nous esp\u00e9rons transparente devrait \u00eatre men\u00e9e pour jeter toute la lumi\u00e8re sur cette affaire \u00bb, a-t-il dit dans une d\u00e9claration \u00e0 la presse, soulignant que cette enqu\u00eate \u00ab risque de r\u00e9v\u00e9ler de nombreuses surprises, notamment la complicit\u00e9 et l\u2019ing\u00e9rence de quatre g\u00e9n\u00e9raux d\u2019un pays maghr\u00e9bin \u00bb.<\/p>\n<p>\u00ab Cette information semble vous surprendre, voire m\u00eame choquante pour l\u2019opinion publique espagnole, mais ne soyez pas surpris. Comme vous le savez, les services marocains sont parmi les plus performants \u00bb, a dit le responsable, soulignant que davantage d\u2019\u00e9l\u00e9ments seront d\u00e9voil\u00e9s en temps opportun.<\/p>\n<p>Dans ce contexte, le responsable marocain a rappel\u00e9 que lorsque le Maroc avait r\u00e9v\u00e9l\u00e9 d\u00e8s le 19 avril que le d\u00e9nomm\u00e9 Ghali \u00e9tait en Espagne, beaucoup y compris les m\u00e9dias et les autorit\u00e9s ont mis en doute cette information, avant de la confirmer 24 heures plus tard.<\/p>\n<p>Par ailleurs, M. Yazourh a indiqu\u00e9 qu\u2019au-del\u00e0 du dommage caus\u00e9 au partenariat Maroc-Espagne, l\u2019affaire du d\u00e9nomm\u00e9 Ghali montre d\u2019abord que l\u2019Espagne a fait un choix entre, d\u2019un c\u00f4t\u00e9, ses citoyens victimes de crimes abjectes et, de l\u2019autre, un criminel responsable de la mort de plusieurs dizaines d\u2019espagnols en plus de viols, de tortures et de disparitions.<\/p>\n<p>Et de poursuivre : \u00ab l\u2019Espagne doit d\u2019abord expliquer \u00e0 sa propre opinion publique avant d\u2019expliquer au Maroc les conditions, circonstances et complicit\u00e9s ayant men\u00e9 \u00e0 l\u2019entr\u00e9e frauduleuse de cette personne sur le territoire espagnol avec des documents falsifi\u00e9s et une identit\u00e9 usurp\u00e9e \u00bb.<\/p>\n<p>\u00ab Les espagnols ont le droit de savoir, d\u2019autant plus les autorit\u00e9s et la classe politique espagnoles savent qu\u2019il est poursuivi par des citoyens espagnols, aupr\u00e8s de juridictions espagnoles et pour des crimes en partie commis en Espagne \u00bb, a-t-il insist\u00e9.<\/p>\n<\/div>\n<p>Auteur: APA News<br \/>\n<a href=\"https:\/\/www.journalducameroun.com\/quatre-generaux-dun-pays-maghrebin-impliques-dans-lentree-frauduleuse-du-chef-du-polisario-en-espagne-mae\/\">Cliquez ici pour lire l&rsquo;article depuis sa source.<\/a><\/p>\n","protected":false},"excerpt":{"rendered":"<p>Publi\u00e9 le 22.05.2021 \u00e0 18h18 par APA News L\u2019ambassadeur directeur g\u00e9n\u00e9ral des affaires politiques au minist\u00e8re marocain des Affaires \u00e9trang\u00e8res, Fouad Yazourh, a r\u00e9v\u00e9l\u00e9, samedi, que l\u2019entr\u00e9e frauduleuse en Espagne du chef du polisario, Brahim Ghali, a eu lieu avec la complicit\u00e9 et l\u2019ing\u00e9rence de quatre g\u00e9n\u00e9raux d\u2019un pays maghr\u00e9bin, appelant \u00e0 une enqu\u00eate transparente [&hellip;]<\/p>\n","protected":false},"author":1965,"featured_media":0,"comment_status":"closed","ping_status":"closed","sticky":false,"template":"","format":"standard","meta":{"fifu_image_url":"","fifu_image_alt":"","footnotes":""},"categories":[73,82],"tags":[],"class_list":["post-117228","post","type-post","status-publish","format-standard","hentry","category-actualite","category-cameroun"],"_links":{"self":[{"href":"https:\/\/linitiative.ca\/International\/wp-json\/wp\/v2\/posts\/117228","targetHints":{"allow":["GET"]}}],"collection":[{"href":"https:\/\/linitiative.ca\/International\/wp-json\/wp\/v2\/posts"}],"about":[{"href":"https:\/\/linitiative.ca\/International\/wp-json\/wp\/v2\/types\/post"}],"author":[{"embeddable":true,"href":"https:\/\/linitiative.ca\/International\/wp-json\/wp\/v2\/users\/1965"}],"replies":[{"embeddable":true,"href":"https:\/\/linitiative.ca\/International\/wp-json\/wp\/v2\/comments?post=117228"}],"version-history":[{"count":0,"href":"https:\/\/linitiative.ca\/International\/wp-json\/wp\/v2\/posts\/117228\/revisions"}],"wp:attachment":[{"href":"https:\/\/linitiative.ca\/International\/wp-json\/wp\/v2\/media?parent=117228"}],"wp:term":[{"taxonomy":"category","embeddable":true,"href":"https:\/\/linitiative.ca\/International\/wp-json\/wp\/v2\/categories?post=117228"},{"taxonomy":"post_tag","embeddable":true,"href":"https:\/\/linitiative.ca\/International\/wp-json\/wp\/v2\/tags?post=117228"}],"curies":[{"name":"wp","href":"https:\/\/api.w.org\/{rel}","templated":true}]}}