{"id":117230,"date":"2021-05-22T11:35:46","date_gmt":"2021-05-22T15:35:46","guid":{"rendered":"https:\/\/linitiative.ca\/International\/filiere-coton-textile-la-giz-veut-relancer-la-filiere-au-cameroun\/"},"modified":"2021-05-22T11:35:46","modified_gmt":"2021-05-22T15:35:46","slug":"filiere-coton-textile-la-giz-veut-relancer-la-filiere-au-cameroun","status":"publish","type":"post","link":"https:\/\/linitiative.ca\/International\/filiere-coton-textile-la-giz-veut-relancer-la-filiere-au-cameroun\/","title":{"rendered":"Fili\u00e8re coton-textile : la GIZ veut relancer la fili\u00e8re au Cameroun"},"content":{"rendered":"<p>La Deutsche Gesellschaft f\u00fcr Internationale Zusammenarbeit GmbH (GIZ), en partenariat avec le minist\u00e8re de l\u2019Agriculture et du d\u00e9veloppement rural (Minader), viennent de lancer un appel d\u2019offres relatif au recrutement d\u2019un bureau d\u2019\u00e9tude r\u00e9gional, pour la r\u00e9alisation d\u2019une \u00e9tude d\u2019opportunit\u00e9s des m\u00e9tiers dans les secteurs coton et textile au Cameroun. Selon la GIZ \u00ab la pr\u00e9sente \u00e9tude s\u2019inscrit dans ce cadre ; elle vise \u00e0 identifier les segments et niches de comp\u00e9titivit\u00e9 et d\u00e9finir les orientations strat\u00e9giques optimales permettant de relancer v\u00e9ritablement la fili\u00e8re coton-textile-confection au Cameroun, tout en cr\u00e9ant des emplois durables et en organisant les acteurs suivant les corps de m\u00e9tiers \u00bb, peut-on lire dans l\u2019appel d\u2019offres.<\/p>\n<p><strong>Lire aussi<\/strong> : <strong><a href=\"https:\/\/ecomatin.net\/le-bilan-a-mi-parcours-du-plan-de-redressement-de-la-sodecoton-affiche-des-performances-reluisantes\/\">Le bilan \u00e0 mi-parcours du plan de redressement de la Sodecoton affiche des performances reluisantes<\/a><\/strong><\/p>\n<p>Les objectifs vis\u00e9s ici \u00e9tant d\u2019identifier les m\u00e9tiers qui existent autour de la production et de la transformation du coton, de ressortir les comp\u00e9tences recherch\u00e9es par les employeurs du secteur coton-textile et de formuler les offres de formations pouvant r\u00e9pondre au d\u00e9ficit de comp\u00e9tence dans les m\u00e9tiers et le march\u00e9 du travail.<\/p>\n<p>La mission qui se d\u00e9roulera sur 140 jours, soit du 24 juin au 30 ao\u00fbt 2021, sera constitu\u00e9e de quatre experts soit : un expert r\u00e9gional en ing\u00e9nierie de formation, sp\u00e9cialiste du secteur de la formation professionnelle ; un consultant, expert \u00e9conomiste sp\u00e9cialiste du d\u00e9veloppement d\u2019entreprise ; d\u2019un consultant national expert, agro\u00e9conomiste ou ing\u00e9nieur agronome et d\u2019un expert national, sp\u00e9cialiste des entreprises coton-textile.<\/p>\n<p><strong>Lire aussi<\/strong> : <strong><a href=\"https:\/\/ecomatin.net\/le-chiffre-daffairess-de-la-sodecoton-baisse-de-57-en-2020\/\">Le chiffre d\u2019affaires de la Sodecoton baisse de 5,7% en 2020<\/a><\/strong><\/p>\n<p>Il convient de noter que la GIZ, est tr\u00e8s active en ce qui concerne le d\u00e9veloppement de la fili\u00e8re coton au Cameroun. Elle a mis en place le Projet global durabilit\u00e9 et valeur ajout\u00e9e dans les cha\u00eenes d\u2019approvisionnement agricoles (ProCoton), planifi\u00e9 pour la p\u00e9riode d\u2019avril 2019 \u00e0 mars 2023. Il vise \u00e0 am\u00e9liorer les performances \u00e9conomiques des acteurs priv\u00e9s de l\u2019agriculture et de l\u2019\u00e9levage en tenant compte des syst\u00e8mes de production adapt\u00e9s au changement climatique. Pour le cas pr\u00e9cis de coton, il a pour objectif d\u2019augmenter la valeur ajout\u00e9e \u00e0 partir du coton durable. Ses actions se concentrent sur deux niveaux de la cha\u00eene de valeur ajout\u00e9e du coton que sont : \u00e9tendre la production du coton durable et am\u00e9liorer les \u00e9tapes de transformation en aval.<\/p>\n<p><strong>Objectif 600 000 tonnes<\/strong><\/p>\n<p>Figurant dans la liste des diff\u00e9rents produits export\u00e9s par le Cameroun, les objectifs \u00e0 atteindre sur le court terme de ce produit sont multiples. Dans la Strat\u00e9gie nationale de d\u00e9veloppement (SND30), il est envisag\u00e9 pour ce produit une augmentation de sa production actuelle (328 453 tonnes au cours de la campagne cotonni\u00e8re 2019-2020), \u00e0 600 000 tonnes \u00e0 l\u2019horizon 2025. Cette m\u00eame strat\u00e9gie envisage d\u00e9velopper une industrie de fabrication de tenues, de maillots de sport et fournir les grands corps de l\u2019Etat \u00e0 l\u2019instar de l\u2019arm\u00e9e, la police ayant une incorporation d\u2019au moins 60% du coton du Cameroun ; aussi d\u2019atteindre une transformation locale minimum de 50% \u00e0 l\u2019horizon 2030.<\/p>\n<p><strong>Lire aussi<\/strong> : <strong><a href=\"https:\/\/ecomatin.net\/la-sodecoton-va-investir-1245-milliard-de-fcfa-pour-fairee-face-aux-delestages\/\">La Sodecoton va investir 1,245 milliard de Fcfa pour faire face aux d\u00e9lestages<\/a><\/strong><\/p>\n<p>Auteur: Cindy MBALA<br \/>\n<a href=\"https:\/\/ecomatin.net\/filiere-coton-textile-la-giz-veut-relancer-la-filiere-au-cameroun\/\">Cliquez ici pour lire l&rsquo;article depuis sa source.<\/a><\/p>\n","protected":false},"excerpt":{"rendered":"<p>La Deutsche Gesellschaft f\u00fcr Internationale Zusammenarbeit GmbH (GIZ), en partenariat avec le minist\u00e8re de l\u2019Agriculture et du d\u00e9veloppement rural (Minader), viennent de lancer un appel d\u2019offres relatif au recrutement d\u2019un bureau d\u2019\u00e9tude r\u00e9gional, pour la r\u00e9alisation d\u2019une \u00e9tude d\u2019opportunit\u00e9s des m\u00e9tiers dans les secteurs coton et textile au Cameroun. Selon la GIZ \u00ab la pr\u00e9sente [&hellip;]<\/p>\n","protected":false},"author":1969,"featured_media":0,"comment_status":"closed","ping_status":"closed","sticky":false,"template":"","format":"standard","meta":{"fifu_image_url":"","fifu_image_alt":"","footnotes":""},"categories":[82,78],"tags":[],"class_list":["post-117230","post","type-post","status-publish","format-standard","hentry","category-cameroun","category-economie"],"_links":{"self":[{"href":"https:\/\/linitiative.ca\/International\/wp-json\/wp\/v2\/posts\/117230","targetHints":{"allow":["GET"]}}],"collection":[{"href":"https:\/\/linitiative.ca\/International\/wp-json\/wp\/v2\/posts"}],"about":[{"href":"https:\/\/linitiative.ca\/International\/wp-json\/wp\/v2\/types\/post"}],"author":[{"embeddable":true,"href":"https:\/\/linitiative.ca\/International\/wp-json\/wp\/v2\/users\/1969"}],"replies":[{"embeddable":true,"href":"https:\/\/linitiative.ca\/International\/wp-json\/wp\/v2\/comments?post=117230"}],"version-history":[{"count":0,"href":"https:\/\/linitiative.ca\/International\/wp-json\/wp\/v2\/posts\/117230\/revisions"}],"wp:attachment":[{"href":"https:\/\/linitiative.ca\/International\/wp-json\/wp\/v2\/media?parent=117230"}],"wp:term":[{"taxonomy":"category","embeddable":true,"href":"https:\/\/linitiative.ca\/International\/wp-json\/wp\/v2\/categories?post=117230"},{"taxonomy":"post_tag","embeddable":true,"href":"https:\/\/linitiative.ca\/International\/wp-json\/wp\/v2\/tags?post=117230"}],"curies":[{"name":"wp","href":"https:\/\/api.w.org\/{rel}","templated":true}]}}