{"id":117233,"date":"2021-05-23T05:30:00","date_gmt":"2021-05-23T09:30:00","guid":{"rendered":"https:\/\/linitiative.ca\/International\/la-11e-era-souvre-demain-a-oran\/"},"modified":"2021-05-23T05:30:00","modified_gmt":"2021-05-23T09:30:00","slug":"la-11e-era-souvre-demain-a-oran","status":"publish","type":"post","link":"https:\/\/linitiative.ca\/International\/la-11e-era-souvre-demain-a-oran\/","title":{"rendered":"La 11e ERA s\u2019ouvre demain \u00e0 Oran"},"content":{"rendered":"<div id=\"originalText\" readability=\"111\">\n<p><strong>Cette pr\u00e9sente \u00e9dition, initialement programm\u00e9e en octobre dernier, avait \u00e9t\u00e9 report\u00e9e en raison des restrictions sanitaires dues \u00e0 la pand\u00e9mie de Covid-19.<\/strong><\/p>\n<p>La 11e \u00e9dition du Salon international des \u00e9nergies renouvelables, \u00e9nergies propres et du d\u00e9veloppement durable (ERA), qui se tiendra \u00e0 partir de demain, se poursuivra pendant trois jours au Centre des conventions d\u2019Oran (CCO), selon le communiqu\u00e9 de Myriade Communication, l\u2019organisateur de cet \u00e9v\u00e9nement. Cette pr\u00e9sente \u00e9dition, qui \u00e9tait initialement programm\u00e9e en octobre dernier, avait \u00e9t\u00e9 report\u00e9e, au m\u00eame titre que toutes les manifestations \u00e9conomiques, en raison des restrictions sanitaires dues \u00e0 la pand\u00e9mie de Covid-19.<\/p>\n<p>D\u2019apr\u00e8s la m\u00eame source d\u2019information, ce rendez-vous s\u2019inscrit \u201cdans un contexte qui accorde une place centrale \u00e0 la question de la transition \u00e9nerg\u00e9tique, avec un int\u00e9r\u00eat grandissant pour le d\u00e9veloppement des \u00e9nergies renouvelables\u201d. Ces derni\u00e8res, pr\u00e9cise encore le texte, \u201cfont partie, avec la s\u00e9curit\u00e9 alimentaire et sanitaire, et l\u2019\u00e9conomie num\u00e9rique, du triptyque qui structure le d\u00e9veloppement\u201d national.<\/p>\n<p>\u00c0 c\u00f4t\u00e9 de la probl\u00e9matique de l\u2019\u00e9nergie, ERA-2021 sera \u201couvert aux divers domaines en rapport avec le d\u00e9veloppement durable\u201d, \u00e0 l\u2019image de \u201cla gestion des d\u00e9chets, dans son volet valorisation, notamment \u00e9nerg\u00e9tique\u201d, mais aussi \u201cla gestion de l\u2019eau, l\u2019habitat bioclimatique, les technologies vertes (\u2026)\u201d.<\/p>\n<p>Seront pr\u00e9sentes au CCO une cinquantaine d\u2019entreprises repr\u00e9sentant les grands groupes et acteurs majeurs dans le domaine des \u00e9nergies renouvelables tels que, entre autres, \u201cSonelgaz, Sonatrach, Gica, Aprue, Cerefe, Cder, Zergoun et Miltech\u201d. Le communiqu\u00e9 rappelle que depuis sa premi\u00e8re \u00e9dition tenue \u00e0 Tamanrasset, en octobre 2010, le Salon r\u00e9unit les op\u00e9rateurs nationaux et internationaux dans le domaine des \u00e9nergies renouvelables et du d\u00e9veloppement durable pour mettre en valeur les \u201cr\u00e9alisations et projets\u201d et offrir \u00e9galement \u201cl\u2019espace idoine pour nouer des contacts utiles\u201d.<\/p>\n<p>Il tend aussi \u00e0 accompagner et dynamiser la \u201cd\u00e9marche entrepreneuriale nationale orient\u00e9e vers l\u2019\u00e9mergence d\u2019un tissu industriel local dans le cr\u00e9neau des \u00e9nergies renouvelables, cr\u00e9ateur d\u2019emplois et g\u00e9n\u00e9rateur de revenus\u201d.\u00a0<\/p>\n<p>Par ailleurs, ERA-2021 verra la programmation d\u2019\u201cun cycle de conf\u00e9rences destin\u00e9 \u00e0 prolonger les \u00e9changes entre les exposants et le public\u201d, sujets concernant \u201cl\u2019efficacit\u00e9 \u00e9nerg\u00e9tique et l\u2019\u00e9conomie d\u2019\u00e9nergie, la place des start-up dans la transition \u00e9nerg\u00e9tique, la bancabilit\u00e9 des projets EnR ou encore les appels d\u2019offres en tant qu\u2019\u00e9l\u00e9ments essentiels dans l\u2019attractivit\u00e9 des projets EnR\u201d.\u00a0<\/p>\n<p>Pour rappel, la 10e \u00e9dition du Salon international des \u00e9nergies renouvelables, des \u00e9nergies propres et du d\u00e9veloppement durable, qui s\u2019\u00e9tait tenu en octobre 2019 \u00e0 Oran, avait vu la participation d\u2019une soixantaine d\u2019exposants, dont une majorit\u00e9 d\u2019op\u00e9rateurs nationaux.<\/p>\n<p class=\"c6\"><strong>SA\u00cfD OUSSAD<\/strong><\/p>\n<\/div>\n<div id=\"text_core\" readability=\"111\">\n<p><strong>Cette pr\u00e9sente \u00e9dition, initialement programm\u00e9e en octobre dernier, avait \u00e9t\u00e9 report\u00e9e en raison des restrictions sanitaires dues \u00e0 la pand\u00e9mie de Covid-19.<\/strong><\/p>\n<p>La 11e \u00e9dition du Salon international des \u00e9nergies renouvelables, \u00e9nergies propres et du d\u00e9veloppement durable (ERA), qui se tiendra \u00e0 partir de demain, se poursuivra pendant trois jours au Centre des conventions d\u2019Oran (CCO), selon le communiqu\u00e9 de Myriade Communication, l\u2019organisateur de cet \u00e9v\u00e9nement. Cette pr\u00e9sente \u00e9dition, qui \u00e9tait initialement programm\u00e9e en octobre dernier, avait \u00e9t\u00e9 report\u00e9e, au m\u00eame titre que toutes les manifestations \u00e9conomiques, en raison des restrictions sanitaires dues \u00e0 la pand\u00e9mie de Covid-19.<\/p>\n<p>D\u2019apr\u00e8s la m\u00eame source d\u2019information, ce rendez-vous s\u2019inscrit \u201cdans un contexte qui accorde une place centrale \u00e0 la question de la transition \u00e9nerg\u00e9tique, avec un int\u00e9r\u00eat grandissant pour le d\u00e9veloppement des \u00e9nergies renouvelables\u201d. Ces derni\u00e8res, pr\u00e9cise encore le texte, \u201cfont partie, avec la s\u00e9curit\u00e9 alimentaire et sanitaire, et l\u2019\u00e9conomie num\u00e9rique, du triptyque qui structure le d\u00e9veloppement\u201d national.<\/p>\n<p>\u00c0 c\u00f4t\u00e9 de la probl\u00e9matique de l\u2019\u00e9nergie, ERA-2021 sera \u201couvert aux divers domaines en rapport avec le d\u00e9veloppement durable\u201d, \u00e0 l\u2019image de \u201cla gestion des d\u00e9chets, dans son volet valorisation, notamment \u00e9nerg\u00e9tique\u201d, mais aussi \u201cla gestion de l\u2019eau, l\u2019habitat bioclimatique, les technologies vertes (\u2026)\u201d.<\/p>\n<p>Seront pr\u00e9sentes au CCO une cinquantaine d\u2019entreprises repr\u00e9sentant les grands groupes et acteurs majeurs dans le domaine des \u00e9nergies renouvelables tels que, entre autres, \u201cSonelgaz, Sonatrach, Gica, Aprue, Cerefe, Cder, Zergoun et Miltech\u201d. Le communiqu\u00e9 rappelle que depuis sa premi\u00e8re \u00e9dition tenue \u00e0 Tamanrasset, en octobre 2010, le Salon r\u00e9unit les op\u00e9rateurs nationaux et internationaux dans le domaine des \u00e9nergies renouvelables et du d\u00e9veloppement durable pour mettre en valeur les \u201cr\u00e9alisations et projets\u201d et offrir \u00e9galement \u201cl\u2019espace idoine pour nouer des contacts utiles\u201d.<\/p>\n<p>Il tend aussi \u00e0 accompagner et dynamiser la \u201cd\u00e9marche entrepreneuriale nationale orient\u00e9e vers l\u2019\u00e9mergence d\u2019un tissu industriel local dans le cr\u00e9neau des \u00e9nergies renouvelables, cr\u00e9ateur d\u2019emplois et g\u00e9n\u00e9rateur de revenus\u201d.\u00a0<\/p>\n<p>Par ailleurs, ERA-2021 verra la programmation d\u2019\u201cun cycle de conf\u00e9rences destin\u00e9 \u00e0 prolonger les \u00e9changes entre les exposants et le public\u201d, sujets concernant \u201cl\u2019efficacit\u00e9 \u00e9nerg\u00e9tique et l\u2019\u00e9conomie d\u2019\u00e9nergie, la place des start-up dans la transition \u00e9nerg\u00e9tique, la bancabilit\u00e9 des projets EnR ou encore les appels d\u2019offres en tant qu\u2019\u00e9l\u00e9ments essentiels dans l\u2019attractivit\u00e9 des projets EnR\u201d.\u00a0<\/p>\n<p>Pour rappel, la 10e \u00e9dition du Salon international des \u00e9nergies renouvelables, des \u00e9nergies propres et du d\u00e9veloppement durable, qui s\u2019\u00e9tait tenu en octobre 2019 \u00e0 Oran, avait vu la participation d\u2019une soixantaine d\u2019exposants, dont une majorit\u00e9 d\u2019op\u00e9rateurs nationaux.<\/p>\n<p class=\"c6\"><strong>SA\u00cfD OUSSAD<\/strong><\/p>\n<\/div>\n<p>Auteur:<br \/>\n<a href=\"https:\/\/www.liberte-algerie.com\/actualite\/la-11e-era-souvre-demain-a-oran-359172\">Cliquez ici pour lire l&rsquo;article depuis sa source.<\/a><\/p>\n","protected":false},"excerpt":{"rendered":"<p>Cette pr\u00e9sente \u00e9dition, initialement programm\u00e9e en octobre dernier, avait \u00e9t\u00e9 report\u00e9e en raison des restrictions sanitaires dues \u00e0 la pand\u00e9mie de Covid-19. La 11e \u00e9dition du Salon international des \u00e9nergies renouvelables, \u00e9nergies propres et du d\u00e9veloppement durable (ERA), qui se tiendra \u00e0 partir de demain, se poursuivra pendant trois jours au Centre des conventions d\u2019Oran [&hellip;]<\/p>\n","protected":false},"author":1742,"featured_media":0,"comment_status":"closed","ping_status":"closed","sticky":false,"template":"","format":"standard","meta":{"fifu_image_url":"","fifu_image_alt":"","footnotes":""},"categories":[73,53],"tags":[],"class_list":["post-117233","post","type-post","status-publish","format-standard","hentry","category-actualite","category-algerie"],"_links":{"self":[{"href":"https:\/\/linitiative.ca\/International\/wp-json\/wp\/v2\/posts\/117233","targetHints":{"allow":["GET"]}}],"collection":[{"href":"https:\/\/linitiative.ca\/International\/wp-json\/wp\/v2\/posts"}],"about":[{"href":"https:\/\/linitiative.ca\/International\/wp-json\/wp\/v2\/types\/post"}],"author":[{"embeddable":true,"href":"https:\/\/linitiative.ca\/International\/wp-json\/wp\/v2\/users\/1742"}],"replies":[{"embeddable":true,"href":"https:\/\/linitiative.ca\/International\/wp-json\/wp\/v2\/comments?post=117233"}],"version-history":[{"count":0,"href":"https:\/\/linitiative.ca\/International\/wp-json\/wp\/v2\/posts\/117233\/revisions"}],"wp:attachment":[{"href":"https:\/\/linitiative.ca\/International\/wp-json\/wp\/v2\/media?parent=117233"}],"wp:term":[{"taxonomy":"category","embeddable":true,"href":"https:\/\/linitiative.ca\/International\/wp-json\/wp\/v2\/categories?post=117233"},{"taxonomy":"post_tag","embeddable":true,"href":"https:\/\/linitiative.ca\/International\/wp-json\/wp\/v2\/tags?post=117233"}],"curies":[{"name":"wp","href":"https:\/\/api.w.org\/{rel}","templated":true}]}}