{"id":117235,"date":"2021-05-23T05:30:00","date_gmt":"2021-05-23T09:30:00","guid":{"rendered":"https:\/\/linitiative.ca\/International\/le-black-out\/"},"modified":"2021-05-23T05:30:00","modified_gmt":"2021-05-23T09:30:00","slug":"le-black-out","status":"publish","type":"post","link":"https:\/\/linitiative.ca\/International\/le-black-out\/","title":{"rendered":"Le black-out"},"content":{"rendered":"<div id=\"originalText\" readability=\"102\">\n<p><strong>L\u2019ONS, la Banque d\u2019Alg\u00e9rie et d\u2019autres administrations ne communiquent que par intermittence leurs donn\u00e9es. Une forme de black-out sur l\u2019information statistique a \u00e9t\u00e9 impos\u00e9e, depuis quelques mois, ce qui rend difficile\u00a0la mise \u00e0 jour des indications sur l\u2019\u00e9conomie nationale.<\/strong><\/p>\n<p>Les lacunes du syst\u00e8me d\u2019information \u00e9conomique et social figurent sans conteste parmi les tares qui caract\u00e9risent le mode actuel du fonctionnement de l\u2019\u00e9conomie alg\u00e9rienne. Comme l\u2019avait d\u00e9j\u00e0 relev\u00e9 le Cercle d\u2019action et de r\u00e9flexion pour l\u2019entreprise (Care), \u201c\u00e0 un moment o\u00f9 les finances publiques de l\u2019Alg\u00e9rie sont gravement et durablement d\u00e9t\u00e9rior\u00e9es et que la recherche des solutions les plus appropri\u00e9es et les plus praticables devrait impliquer l\u2019ensemble des acteurs \u00e9conomiques et sociaux, il faut regretter la difficult\u00e9 persistante qu\u2019\u00e9prouvent trop souvent les autorit\u00e9s \u00e9conomiques alg\u00e9riennes quant \u00e0 la diffusion de l\u2019information \u00e9conomique\u201d.\u00a0<\/p>\n<p>Toutes les Constitutions depuis 1988, soulignent certains experts, ont \u00e9tabli le principe de l\u2019acc\u00e8s \u00e0 une information \u00e9conomique. Cependant, la loi alg\u00e9rienne a beau affirmer depuis longtemps qu\u2019il s\u2019agit d\u2019un droit fondamental du citoyen, rien n\u2019y fait, le r\u00e9flexe de r\u00e9tention au sein de nos institutions est plus fort. Depuis quelques mois une forme de black-out sur l\u2019information statistique a \u00e9t\u00e9 impos\u00e9e et il est difficile d\u2019avoir une vision d\u2019ensemble \u00e0 jour sur l\u2019\u00e9conomie nationale. Cette r\u00e9tention de l\u2019information \u00e9conomique concerne plusieurs administrations.\u00a0<\/p>\n<p>L\u2019Office national des statistiques (ONS), par exemple, n\u2019a pas publi\u00e9, depuis f\u00e9vrier 2021, l\u2019indice des prix \u00e0 la consommation. Le d\u00e9but de cette ann\u00e9e a \u00e9t\u00e9 marqu\u00e9 par la hausse des prix de certains produits de large consommation.\u00a0Le taux d&rsquo;inflation moyen annuel en Alg\u00e9rie a atteint 2,6% \u00e0 fin janvier dernier avait indiqu\u00e9 l\u2019ONS. Depuis aucune indication sur l\u2019\u00e9volution de l\u2019indice des prix \u00e0 la consommation n\u2019a \u00e9t\u00e9 publi\u00e9e. C\u2019est le cas aussi de l\u2019information concernant le march\u00e9 du travail.<\/p>\n<p>D\u2019habitude et depuis 2014, l\u2019enqu\u00eate \u201cEmploi et ch\u00f4mage\u201d est faite deux fois l\u2019an (avril et septembre) par l\u2019ONS. Mais l\u2019organisme charg\u00e9 des statistiques n\u2019a pas fait d\u2019enqu\u00eate sur l\u2019emploi depuis 2019. Aucune explication n\u2019a \u00e9t\u00e9 fournie sur la non-publication par l\u2019ONS de l\u2019indice des prix \u00e0 la consommation et l\u2019enqu\u00eate \u201cEmploi et ch\u00f4mage\u201d.\u00a0<\/p>\n<p>Dans l\u2019attente de la publication de cette enqu\u00eate et pour asseoir l\u2019impact de la Covid-19, la seule statistique qui est disponible est celle produite par les services statistiques de l\u2019Anem.\u00a0L\u2019avantage de cette statistique, explique le Care, c\u2019est qu\u2019elle est donn\u00e9e chaque mois et donc permet de capter les ajustements \u00e0 court terme du march\u00e9 du travail et, \u00e9ventuellement, l\u2019impact de la Covid-19 sur une partie du march\u00e9 du travail en Alg\u00e9rie.<\/p>\n<p>Selon les statistiques de l\u2019Anem, cit\u00e9es par le Care, le nombre de \u201cdemandes disponibles non satisfaites\u201d, a atteint un total de 2 217 289 au 31 d\u00e9cembre 2020. Dans sa note de conjoncture des 2e et 3e trimestres 2020, le Care avait pr\u00e9vu que le nombre de \u201cch\u00f4meurs\u201d d\u00e9passerait les 2 millions pour l\u2019ann\u00e9e 2020 en raison de la Covid-19. La Banque d\u2019Alg\u00e9rie, pour sa part, n\u2019a toujours pas rendu public son rapport annuel de l\u2019ann\u00e9e 2019.\u00a0<\/p>\n<p>M\u00eame la note de conjoncture, qui jusqu\u2019\u00e0 2018, \u00e9tait publi\u00e9e chaque trimestre, a disparu du site de la Banque d\u2019Alg\u00e9rie.\u00a0Pour certains experts le dernier communiqu\u00e9 de la Banque d\u2019Alg\u00e9rie concernant l\u2019\u00e9volution des situations mon\u00e9taire et prudentielle \u00e0 fin 2020, publi\u00e9 en f\u00e9vrier \u201cest maigre en information\u201d d\u2019autant que, nous dit-on, \u201cen interne la Banque d\u2019Alg\u00e9rie continue d\u2019\u00e9laborer la note de conjoncture\u201d. Ils se demandent par ailleurs que devient le Conseil national des statistiques cr\u00e9\u00e9 au milieu des ann\u00e9es 90.<\/p>\n<p class=\"c6\"><strong>Meziane Rabhi<\/strong><\/p>\n<\/div>\n<div id=\"text_core\" readability=\"102\">\n<p><strong>L\u2019ONS, la Banque d\u2019Alg\u00e9rie et d\u2019autres administrations ne communiquent que par intermittence leurs donn\u00e9es. Une forme de black-out sur l\u2019information statistique a \u00e9t\u00e9 impos\u00e9e, depuis quelques mois, ce qui rend difficile\u00a0la mise \u00e0 jour des indications sur l\u2019\u00e9conomie nationale.<\/strong><\/p>\n<p>Les lacunes du syst\u00e8me d\u2019information \u00e9conomique et social figurent sans conteste parmi les tares qui caract\u00e9risent le mode actuel du fonctionnement de l\u2019\u00e9conomie alg\u00e9rienne. Comme l\u2019avait d\u00e9j\u00e0 relev\u00e9 le Cercle d\u2019action et de r\u00e9flexion pour l\u2019entreprise (Care), \u201c\u00e0 un moment o\u00f9 les finances publiques de l\u2019Alg\u00e9rie sont gravement et durablement d\u00e9t\u00e9rior\u00e9es et que la recherche des solutions les plus appropri\u00e9es et les plus praticables devrait impliquer l\u2019ensemble des acteurs \u00e9conomiques et sociaux, il faut regretter la difficult\u00e9 persistante qu\u2019\u00e9prouvent trop souvent les autorit\u00e9s \u00e9conomiques alg\u00e9riennes quant \u00e0 la diffusion de l\u2019information \u00e9conomique\u201d.\u00a0<\/p>\n<p>Toutes les Constitutions depuis 1988, soulignent certains experts, ont \u00e9tabli le principe de l\u2019acc\u00e8s \u00e0 une information \u00e9conomique. Cependant, la loi alg\u00e9rienne a beau affirmer depuis longtemps qu\u2019il s\u2019agit d\u2019un droit fondamental du citoyen, rien n\u2019y fait, le r\u00e9flexe de r\u00e9tention au sein de nos institutions est plus fort. Depuis quelques mois une forme de black-out sur l\u2019information statistique a \u00e9t\u00e9 impos\u00e9e et il est difficile d\u2019avoir une vision d\u2019ensemble \u00e0 jour sur l\u2019\u00e9conomie nationale. Cette r\u00e9tention de l\u2019information \u00e9conomique concerne plusieurs administrations.\u00a0<\/p>\n<p>L\u2019Office national des statistiques (ONS), par exemple, n\u2019a pas publi\u00e9, depuis f\u00e9vrier 2021, l\u2019indice des prix \u00e0 la consommation. Le d\u00e9but de cette ann\u00e9e a \u00e9t\u00e9 marqu\u00e9 par la hausse des prix de certains produits de large consommation.\u00a0Le taux d&rsquo;inflation moyen annuel en Alg\u00e9rie a atteint 2,6% \u00e0 fin janvier dernier avait indiqu\u00e9 l\u2019ONS. Depuis aucune indication sur l\u2019\u00e9volution de l\u2019indice des prix \u00e0 la consommation n\u2019a \u00e9t\u00e9 publi\u00e9e. C\u2019est le cas aussi de l\u2019information concernant le march\u00e9 du travail.<\/p>\n<p>D\u2019habitude et depuis 2014, l\u2019enqu\u00eate \u201cEmploi et ch\u00f4mage\u201d est faite deux fois l\u2019an (avril et septembre) par l\u2019ONS. Mais l\u2019organisme charg\u00e9 des statistiques n\u2019a pas fait d\u2019enqu\u00eate sur l\u2019emploi depuis 2019. Aucune explication n\u2019a \u00e9t\u00e9 fournie sur la non-publication par l\u2019ONS de l\u2019indice des prix \u00e0 la consommation et l\u2019enqu\u00eate \u201cEmploi et ch\u00f4mage\u201d.\u00a0<\/p>\n<p>Dans l\u2019attente de la publication de cette enqu\u00eate et pour asseoir l\u2019impact de la Covid-19, la seule statistique qui est disponible est celle produite par les services statistiques de l\u2019Anem.\u00a0L\u2019avantage de cette statistique, explique le Care, c\u2019est qu\u2019elle est donn\u00e9e chaque mois et donc permet de capter les ajustements \u00e0 court terme du march\u00e9 du travail et, \u00e9ventuellement, l\u2019impact de la Covid-19 sur une partie du march\u00e9 du travail en Alg\u00e9rie.<\/p>\n<p>Selon les statistiques de l\u2019Anem, cit\u00e9es par le Care, le nombre de \u201cdemandes disponibles non satisfaites\u201d, a atteint un total de 2 217 289 au 31 d\u00e9cembre 2020. Dans sa note de conjoncture des 2e et 3e trimestres 2020, le Care avait pr\u00e9vu que le nombre de \u201cch\u00f4meurs\u201d d\u00e9passerait les 2 millions pour l\u2019ann\u00e9e 2020 en raison de la Covid-19. La Banque d\u2019Alg\u00e9rie, pour sa part, n\u2019a toujours pas rendu public son rapport annuel de l\u2019ann\u00e9e 2019.\u00a0<\/p>\n<p>M\u00eame la note de conjoncture, qui jusqu\u2019\u00e0 2018, \u00e9tait publi\u00e9e chaque trimestre, a disparu du site de la Banque d\u2019Alg\u00e9rie.\u00a0Pour certains experts le dernier communiqu\u00e9 de la Banque d\u2019Alg\u00e9rie concernant l\u2019\u00e9volution des situations mon\u00e9taire et prudentielle \u00e0 fin 2020, publi\u00e9 en f\u00e9vrier \u201cest maigre en information\u201d d\u2019autant que, nous dit-on, \u201cen interne la Banque d\u2019Alg\u00e9rie continue d\u2019\u00e9laborer la note de conjoncture\u201d. Ils se demandent par ailleurs que devient le Conseil national des statistiques cr\u00e9\u00e9 au milieu des ann\u00e9es 90.<\/p>\n<p class=\"c6\"><strong>Meziane Rabhi<\/strong><\/p>\n<\/div>\n<p>Auteur:<br \/>\n<a href=\"https:\/\/www.liberte-algerie.com\/actualite\/le-black-out-359170\">Cliquez ici pour lire l&rsquo;article depuis sa source.<\/a><\/p>\n","protected":false},"excerpt":{"rendered":"<p>L\u2019ONS, la Banque d\u2019Alg\u00e9rie et d\u2019autres administrations ne communiquent que par intermittence leurs donn\u00e9es. Une forme de black-out sur l\u2019information statistique a \u00e9t\u00e9 impos\u00e9e, depuis quelques mois, ce qui rend difficile\u00a0la mise \u00e0 jour des indications sur l\u2019\u00e9conomie nationale. Les lacunes du syst\u00e8me d\u2019information \u00e9conomique et social figurent sans conteste parmi les tares qui caract\u00e9risent [&hellip;]<\/p>\n","protected":false},"author":1742,"featured_media":0,"comment_status":"closed","ping_status":"closed","sticky":false,"template":"","format":"standard","meta":{"fifu_image_url":"","fifu_image_alt":"","footnotes":""},"categories":[73,53],"tags":[],"class_list":["post-117235","post","type-post","status-publish","format-standard","hentry","category-actualite","category-algerie"],"_links":{"self":[{"href":"https:\/\/linitiative.ca\/International\/wp-json\/wp\/v2\/posts\/117235","targetHints":{"allow":["GET"]}}],"collection":[{"href":"https:\/\/linitiative.ca\/International\/wp-json\/wp\/v2\/posts"}],"about":[{"href":"https:\/\/linitiative.ca\/International\/wp-json\/wp\/v2\/types\/post"}],"author":[{"embeddable":true,"href":"https:\/\/linitiative.ca\/International\/wp-json\/wp\/v2\/users\/1742"}],"replies":[{"embeddable":true,"href":"https:\/\/linitiative.ca\/International\/wp-json\/wp\/v2\/comments?post=117235"}],"version-history":[{"count":0,"href":"https:\/\/linitiative.ca\/International\/wp-json\/wp\/v2\/posts\/117235\/revisions"}],"wp:attachment":[{"href":"https:\/\/linitiative.ca\/International\/wp-json\/wp\/v2\/media?parent=117235"}],"wp:term":[{"taxonomy":"category","embeddable":true,"href":"https:\/\/linitiative.ca\/International\/wp-json\/wp\/v2\/categories?post=117235"},{"taxonomy":"post_tag","embeddable":true,"href":"https:\/\/linitiative.ca\/International\/wp-json\/wp\/v2\/tags?post=117235"}],"curies":[{"name":"wp","href":"https:\/\/api.w.org\/{rel}","templated":true}]}}