{"id":117238,"date":"2021-05-22T14:41:22","date_gmt":"2021-05-22T18:41:22","guid":{"rendered":"https:\/\/linitiative.ca\/International\/oriental-un-interet-particulier-au-developpement-de-la-filiere-abricotier\/"},"modified":"2021-05-22T14:41:22","modified_gmt":"2021-05-22T18:41:22","slug":"oriental-un-interet-particulier-au-developpement-de-la-filiere-abricotier","status":"publish","type":"post","link":"https:\/\/linitiative.ca\/International\/oriental-un-interet-particulier-au-developpement-de-la-filiere-abricotier\/","title":{"rendered":"Oriental: Un int\u00e9r\u00eat particulier au d\u00e9veloppement de la fili\u00e8re abricotier"},"content":{"rendered":"<p class=\"c4\">La fili\u00e8re abricotier dans la r\u00e9gion de l\u2019Oriental a connu un d\u00e9veloppement consid\u00e9rable gr\u00e2ce aux efforts consentis dans le cadre du Plan agricole r\u00e9gional (PAR) et qui se poursuivent \u00e0 la faveur des actions pr\u00e9vues dans la d\u00e9clinaison r\u00e9gionale de la strat\u00e9gie \u00abG\u00e9n\u00e9ration Green 2020-2030\u00bb.<\/p>\n<p class=\"c4\">La superficie plant\u00e9e en abricots dans l\u2019Oriental s\u2019\u00e9l\u00e8ve \u00e0 1.293 hectares avec une production qui a d\u00e9pass\u00e9 11.000 tonnes durant la saison agricole 2019-2020, soit un rendement moyen \u00e9valu\u00e9 \u00e0 8,7 t\/ha. Cette culture est r\u00e9partie sur presque l\u2019ensemble du territoire de cette r\u00e9gion et les vari\u00e9t\u00e9s sont au nombre de quatre.<\/p>\n<p class=\"c4\">Selon des donn\u00e9es de la Direction r\u00e9gionale de l\u2019Agriculture (DRA), la superficie globale consacr\u00e9e \u00e0 cette fili\u00e8re est r\u00e9partie entre la zone d\u2019action de l\u2019Office r\u00e9gional de mise en valeur agricole de la Moulouya (ORMVAM) qui s\u2019accapare 738 ha, et les provinces de Guercif (390 ha), Driouch (59), Taourirt (45), Oujda (34), et Jerada (27).<\/p>\n<p class=\"c4\">Les plantations d\u2019abricotier sont domin\u00e9es surtout par les vari\u00e9t\u00e9s Maoui (39%), Soledane (33%) et Canino (27%), en plus de la vari\u00e9t\u00e9 locale qui ne repr\u00e9sente que 1% de la superficie globale.<\/p>\n<p class=\"c4\">S\u2019agissant de la production, la m\u00eame source fait savoir que le rendement moyen \u00e9tait de 8,7 tonnes par hectare durant la saison agricole 2019-2020, soit une r\u00e9colte totale de quelque 11.130 tonnes.<\/p>\n<p class=\"c4\">Dans une d\u00e9claration \u00e0 M24, la chaine d\u2019information en continu de la Map, le Chef de la division du partenariat et appui au d\u00e9veloppement \u00e0 la DRA de l\u2019Oriental, Abdellah Koubaa a expliqu\u00e9 que cette fili\u00e8re s\u2019est d\u00e9velopp\u00e9e \u00e0 la faveur des mesures et actions men\u00e9es dans le cadre du PAR.<\/p>\n<p><img class=\"wp-image-29200 aligncenter\" data-src=\"http:\/\/www.mapoujda.ma\/map\/uploads\/2021\/05\/fili\u00e8re-abricotier-oriental-1-750\u00d7430-MAP.jpg\" alt=\"\" width=\"576\" height=\"330\" srcset=\"http:\/\/www.mapoujda.ma\/map\/uploads\/2021\/05\/fili\u00e8re-abricotier-oriental-1-750\u00d7430-MAP.jpg 750w, http:\/\/www.mapoujda.ma\/map\/uploads\/2021\/05\/fili\u00e8re-abricotier-oriental-1-750\u00d7430-MAP-300x172.jpg 300w\" sizes=\"(max-width: 576px) 100vw, 576px\"\/><\/p>\n<p class=\"c4\">Il a fait remarquer que les r\u00e9sultats des efforts de relance et de d\u00e9veloppement obtenus dans la r\u00e9gion sont \u00ab\u00a0encourageants\u00a0\u00bb aussi bien en termes de superficie et de quantit\u00e9 qu\u2019en ce qui concerne les vari\u00e9t\u00e9s introduites, notant que les superficies d\u00e9di\u00e9es auparavant aux vari\u00e9t\u00e9s locales ont diminu\u00e9 de mani\u00e8re consid\u00e9rable en raison de leur faible rendement.<\/p>\n<p class=\"c4\">Saluant les progr\u00e8s et les performances r\u00e9alis\u00e9s, M. Koubaa a assur\u00e9 que l\u2019effort de d\u00e9veloppement se poursuit, notamment pour la valorisation de la production pour permettre aux agriculteurs d\u2019am\u00e9liorer leurs revenus.<\/p>\n<p class=\"c4\">Il a ainsi pr\u00e9cis\u00e9 que des unit\u00e9s de valorisation de ce fruit (abricot) sont programm\u00e9es dans le cadre de la strat\u00e9gie \u00ab\u00a0G\u00e9n\u00e9ration Green 2020-2030\u00a0\u00bb qui place l\u2019\u00e9l\u00e9ment humain au c\u0153ur de ses priorit\u00e9s.<\/p>\n<p class=\"c4\">Le premier projet ciblant le volet \u00abvalorisation\u00bb sera r\u00e9alis\u00e9 cette ann\u00e9e dans la commune de Taddart (province de Guercif) o\u00f9 l\u2019abricotier couvre une superficie 390 hectares avec un rendement moyen de 16 tonnes par hectare. Il s\u2019agit d\u2019une unit\u00e9 industrielle de s\u00e9chage de produits d\u2019origine v\u00e9g\u00e9tale, dont les plus importants sont les abricots, les prunes, les figues et les raisins.<\/p>\n<p class=\"c4\">D\u2019un investissement de cinq millions de dirhams, ce projet, port\u00e9 par l\u2019association locale \u00abMantouj lablad\u00bb et qui profitera \u00e0 une centaine de producteurs, dont 10 femmes et 70 jeunes, est dans la phase d\u2019\u00e9tude de faisabilit\u00e9.<\/p>\n<p class=\"c4\">Une \u00e9quipe de M24 s\u2019est d\u00e9plac\u00e9e dans un verger d\u2019abricotier dans la province de Guercif, o\u00f9 elle a rencontr\u00e9 le vice-pr\u00e9sident de la chambre d\u2019agriculture de l\u2019Oriental, Jawhari Mohamed qui a expliqu\u00e9 que cette ann\u00e9e les conditions climatiques favorables ont eu un impact positif sur le rendement qu\u2019il a jug\u00e9 \u00abbon et int\u00e9ressant\u00bb.<\/p>\n<p class=\"c4\">Il a tenu, \u00e0 cette occasion, \u00e0 mettre en avant le savoir-faire acquis par les agriculteurs concernant les techniques culturales de l\u2019abricotier (plantation, entretien, traitement, irrigation, \u2026), ainsi que l\u2019int\u00e9r\u00eat particulier accord\u00e9 par le minist\u00e8re de l\u2019Agriculture \u00e0 cette fili\u00e8re, formulant le souhait de voir les efforts du minist\u00e8re se poursuivre, notamment en termes d\u2019appui aux petits agriculteurs, et de renforcement et de valorisation de la production.<\/p>\n<p>Auteur: Soufiane ELAHMAR<br \/>\n<a href=\"http:\/\/www.mapoujda.ma\/fr\/oriental-un-interet-particulier-au-developpement-de-la-filiere-abricotier\/\">Cliquez ici pour lire l&rsquo;article depuis sa source.<\/a><\/p>\n","protected":false},"excerpt":{"rendered":"<p>La fili\u00e8re abricotier dans la r\u00e9gion de l\u2019Oriental a connu un d\u00e9veloppement consid\u00e9rable gr\u00e2ce aux efforts consentis dans le cadre du Plan agricole r\u00e9gional (PAR) et qui se poursuivent \u00e0 la faveur des actions pr\u00e9vues dans la d\u00e9clinaison r\u00e9gionale de la strat\u00e9gie \u00abG\u00e9n\u00e9ration Green 2020-2030\u00bb. La superficie plant\u00e9e en abricots dans l\u2019Oriental s\u2019\u00e9l\u00e8ve \u00e0 1.293 [&hellip;]<\/p>\n","protected":false},"author":1788,"featured_media":0,"comment_status":"closed","ping_status":"closed","sticky":false,"template":"","format":"standard","meta":{"fifu_image_url":"http:\/\/www.mapoujda.ma\/map\/uploads\/2021\/05\/fili\u00e8re-abricotier-oriental-1-750\u00d7430-MAP.jpg","fifu_image_alt":"Oriental: Un int\u00e9r\u00eat particulier au d\u00e9veloppement de la fili\u00e8re abricotier","footnotes":""},"categories":[54,76],"tags":[],"class_list":["post-117238","post","type-post","status-publish","format-standard","hentry","category-maroc","category-regions"],"_links":{"self":[{"href":"https:\/\/linitiative.ca\/International\/wp-json\/wp\/v2\/posts\/117238","targetHints":{"allow":["GET"]}}],"collection":[{"href":"https:\/\/linitiative.ca\/International\/wp-json\/wp\/v2\/posts"}],"about":[{"href":"https:\/\/linitiative.ca\/International\/wp-json\/wp\/v2\/types\/post"}],"author":[{"embeddable":true,"href":"https:\/\/linitiative.ca\/International\/wp-json\/wp\/v2\/users\/1788"}],"replies":[{"embeddable":true,"href":"https:\/\/linitiative.ca\/International\/wp-json\/wp\/v2\/comments?post=117238"}],"version-history":[{"count":0,"href":"https:\/\/linitiative.ca\/International\/wp-json\/wp\/v2\/posts\/117238\/revisions"}],"wp:attachment":[{"href":"https:\/\/linitiative.ca\/International\/wp-json\/wp\/v2\/media?parent=117238"}],"wp:term":[{"taxonomy":"category","embeddable":true,"href":"https:\/\/linitiative.ca\/International\/wp-json\/wp\/v2\/categories?post=117238"},{"taxonomy":"post_tag","embeddable":true,"href":"https:\/\/linitiative.ca\/International\/wp-json\/wp\/v2\/tags?post=117238"}],"curies":[{"name":"wp","href":"https:\/\/api.w.org\/{rel}","templated":true}]}}