{"id":117239,"date":"2021-05-22T15:47:14","date_gmt":"2021-05-22T19:47:14","guid":{"rendered":"https:\/\/linitiative.ca\/International\/el-otmani-poursuivre-la-mobilisation-pour-relancer-leconomie-nationale\/"},"modified":"2021-05-22T15:47:14","modified_gmt":"2021-05-22T19:47:14","slug":"el-otmani-poursuivre-la-mobilisation-pour-relancer-leconomie-nationale","status":"publish","type":"post","link":"https:\/\/linitiative.ca\/International\/el-otmani-poursuivre-la-mobilisation-pour-relancer-leconomie-nationale\/","title":{"rendered":"El Otmani: Poursuivre la mobilisation pour relancer l\u2019\u00e9conomie nationale"},"content":{"rendered":"<p class=\"c4\">Le Chef du gouvernement, Saad Dine El Otmani, a appel\u00e9, vendredi \u00e0 Rabat, \u00e0 continuer la mobilisation et les sacrifices afin de r\u00e9aliser la relance \u00e9conomique et le d\u00e9veloppement social pour un Maroc meilleur.<\/p>\n<p class=\"c4\">\u00ab\u00a0Les succ\u00e8s collectifs, qui se poursuivent avec la campagne nationale de vaccination, ne peuvent masquer les d\u00e9fis auxquels l\u2019\u00e9conomie nationale et un bon nombre d\u2019entreprises continuent de faire face, en particulier dans les secteurs les plus sinistr\u00e9s\u00a0\u00bb, a dit M. El Otmani lors d\u2019une session de travail avec le pr\u00e9sident de la Conf\u00e9d\u00e9ration g\u00e9n\u00e9rale des entreprises du Maroc (CGEM), Chakib Alj, tenue dans le cadre du m\u00e9canisme de travail commun CGEM-Gouvernement, lequel a \u00e9t\u00e9 adopt\u00e9 en 2012 et mis \u00e0 jour en 2020.<\/p>\n<p class=\"c4\">Aussi, ces succ\u00e8s ne peuvent masquer la difficult\u00e9 de la situation sociale pour certaines cat\u00e9gories de citoyens, \u00ab\u00a0ce qui n\u00e9cessite de nous, plus de mobilisation et de sacrifice, avec un fort esprit patriotique, en vue de r\u00e9aliser la relance \u00e9conomique et le d\u00e9veloppement social en faveur d\u2019un Maroc meilleur dot\u00e9 d\u2019une croissance inclusive et durable, pla\u00e7ant l\u2019Homme au c\u0153ur de ses priorit\u00e9s\u00a0\u00bb, a-t-il soutenu.<\/p>\n<p class=\"c4\">Le Chef du gouvernement a, en outre, indiqu\u00e9 que cette r\u00e9union intervient dans des conditions exceptionnelles marqu\u00e9es par la propagation de la pand\u00e9mie du nouveau coronavirus (covid-19) et apr\u00e8s la derni\u00e8re rencontre du Comit\u00e9 de pilotage dudit m\u00e9canisme de travail commun, tenue le 06 mars 2020 et durant laquelle les deux parties avaient pris des d\u00e9cisions importantes qui ont jou\u00e9 un r\u00f4le fondamental au cours de la phase de r\u00e9sistance face aux r\u00e9percussions du covid-19. Il s\u2019agit en particulier de la cr\u00e9ation du Comit\u00e9 de veille \u00e9conomique (CVE).<\/p>\n<p class=\"c4\">Il a mis l\u2019accent \u00e9galement sur la r\u00e9union technique, tenue le 10 septembre 2020 \u00e0 Rabat et qui a \u00e9t\u00e9 l\u2019occasion de s\u2019accorder sur la n\u00e9cessit\u00e9 de donner la priorit\u00e9, durant cette \u00e9tape, aux chantiers \u00e0 impact rapide (quick-wins), sur lesquels des commissions th\u00e9matiques mixtes cr\u00e9\u00e9es entre les d\u00e9partements minist\u00e9riels et la CGEM \u0153uvrent afin de formuler des propositions pratiques et r\u00e9alisables sur le court et moyen termes.<\/p>\n<p class=\"c4\">Ces commissions ont examin\u00e9 des propositions et projets relatifs \u00e0 la facilitation des proc\u00e9dures administratives, la pr\u00e9f\u00e9rence nationale, le d\u00e9veloppement du \u00ab\u00a0Made in Morocco\u00a0\u00bb, l\u2019activation des fonds d\u2019investissement, l\u2019identification l\u00e9gale des petites et moyennes entreprises (PME), la loi-cadre d\u2019investissement, la r\u00e9forme du cadre r\u00e9glementaire de la signature \u00e9lectronique, le d\u00e9veloppement des m\u00e9canismes de sauvegarde des emplois, ainsi que l\u2019am\u00e9lioration du syst\u00e8me d\u2019indemnisation de perte d\u2019emploi, a pr\u00e9cis\u00e9 M. El Otmani.<\/p>\n<p class=\"c4\">Par ailleurs, il s\u2019est f\u00e9licit\u00e9 de la mobilisation de l\u2019ensemble des forces vives du Royaume, sous la conduite \u00e9clair\u00e9e de SM le Roi Mohammed VI, pour faire face \u00e0 la crise du covid-19 et ses effets n\u00e9gatifs, ce qui a permis au Maroc, via l\u2019adoption d\u2019une s\u00e9rie de mesures proactives et gr\u00e2ce \u00e0 la dynamique positive qui r\u00e9gnait avant la crise, d\u2019\u00e9viter le pire.<\/p>\n<p class=\"c4\">Dans ce sillage, M. El Otmani a mis en avant l\u2019action du gouvernement en mati\u00e8re de la poursuite et de la consolidation des diff\u00e9rentes grandes r\u00e9formes initi\u00e9es au Maroc, \u00e0 l\u2019image de la mise en place du chantier de la protection sociale qui a \u00e9t\u00e9 lanc\u00e9 par SM le Roi, la r\u00e9forme de l\u2019Education et de la Formation et le programme de r\u00e9duction des disparit\u00e9s territoriales.<\/p>\n<p class=\"c4\">Il est aussi question de la r\u00e9forme des Centres r\u00e9gionaux d\u2019investissement (CRI), de l\u2019acc\u00e9l\u00e9ration du rythme de la mise en \u0153uvre de la d\u00e9centralisation administrative et la simplification des proc\u00e9dures et mesures administratives, ainsi que de l\u2019adoption d\u2019une politique nationale int\u00e9gr\u00e9e pour am\u00e9liorer l\u2019environnement des affaires pour la p\u00e9riode 2021-2025, en partenariat avec le secteur priv\u00e9, a-t-il ajout\u00e9.<\/p>\n<p class=\"c4\">Parall\u00e8lement, M. El Otmani a salu\u00e9 le r\u00f4le important que jouent les entreprises marocaines face aux effets de cette pand\u00e9mie et leur contribution \u00e0 la pr\u00e9servation de l\u2019emploi et la cr\u00e9ation de nouvelles opportunit\u00e9s pour la production et le renforcement de la comp\u00e9titivit\u00e9.<\/p>\n<p class=\"c4\">Il a, de m\u00eame, lou\u00e9 la participation de la CGEM dans la prise de l\u2019ensemble des d\u00e9cisions importantes du CVE, l\u2019\u00e9laboration du plan de relance \u00e9conomique, ainsi que dans la mise en \u0153uvre et la signature de contrats-programmes avec les secteurs vuln\u00e9rables, ce qui a permis de poursuivre l\u2019activit\u00e9 \u00e9conomique et de maintenir un plus grand nombre de postes d\u2019emploi.<\/p>\n<p class=\"c4\">De leur c\u00f4t\u00e9, les participants \u00e0 cette session de travail ont pr\u00e9sent\u00e9 l\u2019\u00e9tat d\u2019avancement de plusieurs dossiers plac\u00e9s au centre des priorit\u00e9s actuelles dudit m\u00e9canisme, dont l\u2019adoption de la charte d\u2019investissement, l\u2019actualisation du cadre l\u00e9gal relatif \u00e0 la PME, l\u2019am\u00e9lioration du syst\u00e8me d\u2019indemnisation de perte d\u2019emploi, la signature \u00e9lectronique.<\/p>\n<p class=\"c4\">Ils ont \u00e9galement salu\u00e9 les r\u00e9sultats r\u00e9alis\u00e9s dans le cadre de ces chantiers qui se veulent fondamentaux pour la vie quotidienne de l\u2019entreprise marocaine et n\u00e9cessitent un travail dans un cadre participatif afin de les traiter selon une planification bien d\u00e9termin\u00e9e.<\/p>\n<p class=\"c4\">Cette rencontre a permis de proposer de nouveaux dossiers \u00e0 caract\u00e8re prioritaire, comme la promotion de l\u2019investissement, la digitalisation, le renforcement du principe de la pr\u00e9f\u00e9rence nationale, l\u2019int\u00e9gration du secteur informel, l\u2019accompagnement de l\u2019entreprise nationale dans le cadre des programmes de r\u00e9duction du niveau de la pollution, outre les ateliers de formation continue.<\/p>\n<p class=\"c4\">Cette liste sera v\u00e9rifi\u00e9e par la suite, dans le cadre du m\u00e9canisme de travail commun pour adopter certaines des propositions durant la prochaine phase.<\/p>\n<p class=\"c4\">Ont pris part \u00e0 cette r\u00e9union, le ministre de l\u2019\u00c9conomie, des finances et de la r\u00e9forme de l\u2019administration, Mohamed Bencha\u00e2boun, le ministre de l\u2019Education nationale, de la formation professionnelle, de l\u2019enseignement sup\u00e9rieur et de la recherche scientifique, Saa\u00efd Amzazi, le ministre de l\u2019Industrie, du commerce, de l\u2019\u00e9conomie verte et num\u00e9rique, Moulay Hafid Elalamy, le ministre de l\u2019emploi et de l\u2019Insertion professionnelle, Mohamed Amkraz, ainsi que des fonctionnaires et des cadres des secteurs gouvernementaux concern\u00e9s.<\/p>\n<p class=\"c4\">Du c\u00f4t\u00e9 de la CGEM, cette rencontre a connu la participation de Mehdi Tazi, vice-pr\u00e9sident g\u00e9n\u00e9ral de la Conf\u00e9d\u00e9ration, de Saadia Slaoui Bennani, pr\u00e9sidente de la commission entreprise responsable et citoyenne et de Hakim Marrakchi, vice-pr\u00e9sident de la CGEM et pr\u00e9sident de la commission fiscalit\u00e9 et douane.<\/p>\n<p>Auteur: Soufiane ELAHMAR<br \/>\n<a href=\"http:\/\/www.mapoujda.ma\/fr\/el-otmani-poursuivre-la-mobilisation-pour-relancer-leconomie-nationale\/\">Cliquez ici pour lire l&rsquo;article depuis sa source.<\/a><\/p>\n","protected":false},"excerpt":{"rendered":"<p>Le Chef du gouvernement, Saad Dine El Otmani, a appel\u00e9, vendredi \u00e0 Rabat, \u00e0 continuer la mobilisation et les sacrifices afin de r\u00e9aliser la relance \u00e9conomique et le d\u00e9veloppement social pour un Maroc meilleur. \u00ab\u00a0Les succ\u00e8s collectifs, qui se poursuivent avec la campagne nationale de vaccination, ne peuvent masquer les d\u00e9fis auxquels l\u2019\u00e9conomie nationale et [&hellip;]<\/p>\n","protected":false},"author":1788,"featured_media":0,"comment_status":"closed","ping_status":"closed","sticky":false,"template":"","format":"standard","meta":{"fifu_image_url":"","fifu_image_alt":"","footnotes":""},"categories":[54,76],"tags":[],"class_list":["post-117239","post","type-post","status-publish","format-standard","hentry","category-maroc","category-regions"],"_links":{"self":[{"href":"https:\/\/linitiative.ca\/International\/wp-json\/wp\/v2\/posts\/117239","targetHints":{"allow":["GET"]}}],"collection":[{"href":"https:\/\/linitiative.ca\/International\/wp-json\/wp\/v2\/posts"}],"about":[{"href":"https:\/\/linitiative.ca\/International\/wp-json\/wp\/v2\/types\/post"}],"author":[{"embeddable":true,"href":"https:\/\/linitiative.ca\/International\/wp-json\/wp\/v2\/users\/1788"}],"replies":[{"embeddable":true,"href":"https:\/\/linitiative.ca\/International\/wp-json\/wp\/v2\/comments?post=117239"}],"version-history":[{"count":0,"href":"https:\/\/linitiative.ca\/International\/wp-json\/wp\/v2\/posts\/117239\/revisions"}],"wp:attachment":[{"href":"https:\/\/linitiative.ca\/International\/wp-json\/wp\/v2\/media?parent=117239"}],"wp:term":[{"taxonomy":"category","embeddable":true,"href":"https:\/\/linitiative.ca\/International\/wp-json\/wp\/v2\/categories?post=117239"},{"taxonomy":"post_tag","embeddable":true,"href":"https:\/\/linitiative.ca\/International\/wp-json\/wp\/v2\/tags?post=117239"}],"curies":[{"name":"wp","href":"https:\/\/api.w.org\/{rel}","templated":true}]}}