{"id":117241,"date":"2021-05-23T06:17:24","date_gmt":"2021-05-23T10:17:24","guid":{"rendered":"https:\/\/linitiative.ca\/International\/province-de-driouch-deux-secousses-telluriques-de-43-et-44\/"},"modified":"2021-05-23T06:17:24","modified_gmt":"2021-05-23T10:17:24","slug":"province-de-driouch-deux-secousses-telluriques-de-43-et-44","status":"publish","type":"post","link":"https:\/\/linitiative.ca\/International\/province-de-driouch-deux-secousses-telluriques-de-43-et-44\/","title":{"rendered":"Province de Driouch: deux secousses telluriques de 4,3 et 4,4"},"content":{"rendered":"<div class=\"single-featured\"><img alt=\"\" data-src=\"http:\/\/www.mapoujda.ma\/map\/uploads\/2021\/05\/secousse-tellurique-750\u00d7430-EPA.jpg\"\/><\/div>\n<div class=\"entry-content clearfix single-post-content\" readability=\"55\">\n<p class=\"c4\">Deux secousses telluriques de magnitude 4,3 et 4,4 degr\u00e9s sur l\u2019\u00e9chelle de Richter ont \u00e9t\u00e9 enregistr\u00e9es, dimanche dans la province de Driouch, a indiqu\u00e9 l\u2019Institut national de g\u00e9ophysique (ING).<\/p>\n<p class=\"c4\">Les secousses, dont l\u2019\u00e9picentre est situ\u00e9 au large de la province de Driouch, se sont produites respectivement \u00e0 07h18min39sec et 07h42min39sec (GMT+1), a pr\u00e9cis\u00e9 le R\u00e9seau national de surveillance et d\u2019alerte sismique de l\u2019ING dans un bulletin d\u2019alerte sismique.<\/p>\n<p class=\"c4\">Survenue \u00e0 une profondeur de 12 km, la premi\u00e8re secousse s\u2019est produite \u00e0 une latitude de 35.585\u00b0N et une longitude de 3.584\u00b0W, a soulign\u00e9 la m\u00eame source, ajoutant que la seconde, survenue \u00e0 une profondeur de 23 Km, s\u2019est produite \u00e0 une latitude de 35.553\u00b0N et et une longitude de 3.561\u00b0W.<\/p>\n<\/div>\n<p>Auteur: Soufiane ELAHMAR<br \/>\n<a href=\"http:\/\/www.mapoujda.ma\/fr\/province-de-driouch-deux-secousses-telluriques-de-43-et-44\/\">Cliquez ici pour lire l&rsquo;article depuis sa source.<\/a><\/p>\n","protected":false},"excerpt":{"rendered":"<p>Deux secousses telluriques de magnitude 4,3 et 4,4 degr\u00e9s sur l\u2019\u00e9chelle de Richter ont \u00e9t\u00e9 enregistr\u00e9es, dimanche dans la province de Driouch, a indiqu\u00e9 l\u2019Institut national de g\u00e9ophysique (ING). Les secousses, dont l\u2019\u00e9picentre est situ\u00e9 au large de la province de Driouch, se sont produites respectivement \u00e0 07h18min39sec et 07h42min39sec (GMT+1), a pr\u00e9cis\u00e9 le R\u00e9seau [&hellip;]<\/p>\n","protected":false},"author":1788,"featured_media":0,"comment_status":"closed","ping_status":"closed","sticky":false,"template":"","format":"standard","meta":{"fifu_image_url":"http:\/\/www.mapoujda.ma\/map\/uploads\/2021\/05\/secousse-tellurique-750\u00d7430-EPA.jpg","fifu_image_alt":"Province de Driouch: deux secousses telluriques de 4,3 et 4,4","footnotes":""},"categories":[54,76],"tags":[],"class_list":["post-117241","post","type-post","status-publish","format-standard","hentry","category-maroc","category-regions"],"_links":{"self":[{"href":"https:\/\/linitiative.ca\/International\/wp-json\/wp\/v2\/posts\/117241","targetHints":{"allow":["GET"]}}],"collection":[{"href":"https:\/\/linitiative.ca\/International\/wp-json\/wp\/v2\/posts"}],"about":[{"href":"https:\/\/linitiative.ca\/International\/wp-json\/wp\/v2\/types\/post"}],"author":[{"embeddable":true,"href":"https:\/\/linitiative.ca\/International\/wp-json\/wp\/v2\/users\/1788"}],"replies":[{"embeddable":true,"href":"https:\/\/linitiative.ca\/International\/wp-json\/wp\/v2\/comments?post=117241"}],"version-history":[{"count":0,"href":"https:\/\/linitiative.ca\/International\/wp-json\/wp\/v2\/posts\/117241\/revisions"}],"wp:attachment":[{"href":"https:\/\/linitiative.ca\/International\/wp-json\/wp\/v2\/media?parent=117241"}],"wp:term":[{"taxonomy":"category","embeddable":true,"href":"https:\/\/linitiative.ca\/International\/wp-json\/wp\/v2\/categories?post=117241"},{"taxonomy":"post_tag","embeddable":true,"href":"https:\/\/linitiative.ca\/International\/wp-json\/wp\/v2\/tags?post=117241"}],"curies":[{"name":"wp","href":"https:\/\/api.w.org\/{rel}","templated":true}]}}