{"id":117242,"date":"2021-05-23T07:44:22","date_gmt":"2021-05-23T11:44:22","guid":{"rendered":"https:\/\/linitiative.ca\/International\/un-programme-pour-soutenir-les-startups-vertes\/"},"modified":"2021-05-23T07:44:22","modified_gmt":"2021-05-23T11:44:22","slug":"un-programme-pour-soutenir-les-startups-vertes","status":"publish","type":"post","link":"https:\/\/linitiative.ca\/International\/un-programme-pour-soutenir-les-startups-vertes\/","title":{"rendered":"Un programme pour soutenir les startups vertes"},"content":{"rendered":"<p class=\"rtejustify\">Le CRI Draa Tafilalet et le Cluster solaire viennent de lancer un programme de soutien destin\u00e9 aux porteurs de projets dans le domaine des \u00e9nergies renouvelables. Cette initiative accompagnera \u00e9galement \u00e9tudiants, entrepreneurs et enseignants qui s\u2019int\u00e9ressent \u00e0 ce domaine, de la pr\u00e9-incubation \u00e0 l\u2019acc\u00e9l\u00e9ration. Un moyen de permettre aux b\u00e9n\u00e9ficiaires de d\u00e9velopper leur business et de l\u2019adapter aux besoins r\u00e9els du march\u00e9.<\/p>\n<p class=\"rtejustify\"><strong><em>K.A.<\/em><\/strong><\/p>\n<p>Auteur: hgueye<br \/>\n<a href=\"https:\/\/www.leconomiste.com\/flash-infos\/un-programme-pour-soutenir-les-startups-vertes\">Cliquez ici pour lire l&rsquo;article depuis sa source.<\/a><\/p>\n","protected":false},"excerpt":{"rendered":"<p>Le CRI Draa Tafilalet et le Cluster solaire viennent de lancer un programme de soutien destin\u00e9 aux porteurs de projets dans le domaine des \u00e9nergies renouvelables. Cette initiative accompagnera \u00e9galement \u00e9tudiants, entrepreneurs et enseignants qui s\u2019int\u00e9ressent \u00e0 ce domaine, de la pr\u00e9-incubation \u00e0 l\u2019acc\u00e9l\u00e9ration. Un moyen de permettre aux b\u00e9n\u00e9ficiaires de d\u00e9velopper leur business et [&hellip;]<\/p>\n","protected":false},"author":1763,"featured_media":0,"comment_status":"closed","ping_status":"closed","sticky":false,"template":"","format":"standard","meta":{"fifu_image_url":"","fifu_image_alt":"","footnotes":""},"categories":[78,54],"tags":[],"class_list":["post-117242","post","type-post","status-publish","format-standard","hentry","category-economie","category-maroc"],"_links":{"self":[{"href":"https:\/\/linitiative.ca\/International\/wp-json\/wp\/v2\/posts\/117242","targetHints":{"allow":["GET"]}}],"collection":[{"href":"https:\/\/linitiative.ca\/International\/wp-json\/wp\/v2\/posts"}],"about":[{"href":"https:\/\/linitiative.ca\/International\/wp-json\/wp\/v2\/types\/post"}],"author":[{"embeddable":true,"href":"https:\/\/linitiative.ca\/International\/wp-json\/wp\/v2\/users\/1763"}],"replies":[{"embeddable":true,"href":"https:\/\/linitiative.ca\/International\/wp-json\/wp\/v2\/comments?post=117242"}],"version-history":[{"count":0,"href":"https:\/\/linitiative.ca\/International\/wp-json\/wp\/v2\/posts\/117242\/revisions"}],"wp:attachment":[{"href":"https:\/\/linitiative.ca\/International\/wp-json\/wp\/v2\/media?parent=117242"}],"wp:term":[{"taxonomy":"category","embeddable":true,"href":"https:\/\/linitiative.ca\/International\/wp-json\/wp\/v2\/categories?post=117242"},{"taxonomy":"post_tag","embeddable":true,"href":"https:\/\/linitiative.ca\/International\/wp-json\/wp\/v2\/tags?post=117242"}],"curies":[{"name":"wp","href":"https:\/\/api.w.org\/{rel}","templated":true}]}}