{"id":117243,"date":"2021-05-23T07:51:59","date_gmt":"2021-05-23T11:51:59","guid":{"rendered":"https:\/\/linitiative.ca\/International\/les-reserves-de-change-en-hausse-de-6\/"},"modified":"2021-05-23T07:51:59","modified_gmt":"2021-05-23T11:51:59","slug":"les-reserves-de-change-en-hausse-de-6","status":"publish","type":"post","link":"https:\/\/linitiative.ca\/International\/les-reserves-de-change-en-hausse-de-6\/","title":{"rendered":"Les r\u00e9serves de change en hausse de 6%"},"content":{"rendered":"<p class=\"rtejustify\">Le dirham s&rsquo;est appr\u00e9ci\u00e9 de 0,46% face au dollar am\u00e9ricain et s&rsquo;est d\u00e9pr\u00e9ci\u00e9 de 0,23% vis-\u00e0-vis de l&rsquo;euro durant la p\u00e9riode allant du 13 au 19 mai 2021, selon Bank Al-Maghrib (BAM). Au 12 mai dernier, l&rsquo;encours des avoirs officiels de r\u00e9serve s&rsquo;est \u00e9tabli \u00e0 302,2 milliards de DH, en baisse de 0,3% d\u2019une semaine \u00e0 l\u2019autre et en progression de 6% en glissement annuel, pr\u00e9cise la Banque centrale.<\/p>\n<p>Auteur: hgueye<br \/>\n<a href=\"https:\/\/www.leconomiste.com\/flash-infos\/les-reserves-de-change-en-hausse-de-6\">Cliquez ici pour lire l&rsquo;article depuis sa source.<\/a><\/p>\n","protected":false},"excerpt":{"rendered":"<p>Le dirham s&rsquo;est appr\u00e9ci\u00e9 de 0,46% face au dollar am\u00e9ricain et s&rsquo;est d\u00e9pr\u00e9ci\u00e9 de 0,23% vis-\u00e0-vis de l&rsquo;euro durant la p\u00e9riode allant du 13 au 19 mai 2021, selon Bank Al-Maghrib (BAM). Au 12 mai dernier, l&rsquo;encours des avoirs officiels de r\u00e9serve s&rsquo;est \u00e9tabli \u00e0 302,2 milliards de DH, en baisse de 0,3% d\u2019une semaine [&hellip;]<\/p>\n","protected":false},"author":1763,"featured_media":0,"comment_status":"closed","ping_status":"closed","sticky":false,"template":"","format":"standard","meta":{"fifu_image_url":"","fifu_image_alt":"","footnotes":""},"categories":[78,54],"tags":[],"class_list":["post-117243","post","type-post","status-publish","format-standard","hentry","category-economie","category-maroc"],"_links":{"self":[{"href":"https:\/\/linitiative.ca\/International\/wp-json\/wp\/v2\/posts\/117243","targetHints":{"allow":["GET"]}}],"collection":[{"href":"https:\/\/linitiative.ca\/International\/wp-json\/wp\/v2\/posts"}],"about":[{"href":"https:\/\/linitiative.ca\/International\/wp-json\/wp\/v2\/types\/post"}],"author":[{"embeddable":true,"href":"https:\/\/linitiative.ca\/International\/wp-json\/wp\/v2\/users\/1763"}],"replies":[{"embeddable":true,"href":"https:\/\/linitiative.ca\/International\/wp-json\/wp\/v2\/comments?post=117243"}],"version-history":[{"count":0,"href":"https:\/\/linitiative.ca\/International\/wp-json\/wp\/v2\/posts\/117243\/revisions"}],"wp:attachment":[{"href":"https:\/\/linitiative.ca\/International\/wp-json\/wp\/v2\/media?parent=117243"}],"wp:term":[{"taxonomy":"category","embeddable":true,"href":"https:\/\/linitiative.ca\/International\/wp-json\/wp\/v2\/categories?post=117243"},{"taxonomy":"post_tag","embeddable":true,"href":"https:\/\/linitiative.ca\/International\/wp-json\/wp\/v2\/tags?post=117243"}],"curies":[{"name":"wp","href":"https:\/\/api.w.org\/{rel}","templated":true}]}}