{"id":117247,"date":"2021-05-23T15:14:04","date_gmt":"2021-05-23T19:14:04","guid":{"rendered":"https:\/\/linitiative.ca\/International\/international-le-psg-fixerait-un-ultimatum-a-kylian-mbappe\/"},"modified":"2021-05-23T15:14:04","modified_gmt":"2021-05-23T19:14:04","slug":"international-le-psg-fixerait-un-ultimatum-a-kylian-mbappe","status":"publish","type":"post","link":"https:\/\/linitiative.ca\/International\/international-le-psg-fixerait-un-ultimatum-a-kylian-mbappe\/","title":{"rendered":"International : Le PSG fixerait un ultimatum \u00e0 Kylian Mbapp\u00e9"},"content":{"rendered":"<div readability=\"32\">\n<p>Auteur : <span class=\"time\">dimanche 23 mai 2021 15:15<\/span><\/p>\n<\/div>\n<div id=\"post_core\" readability=\"43\">\n<p>Le directeur sportif br\u00e9silien doit trouver un accord avec Kylian Mbapp\u00e9 en vue d\u2019une prolongation de contrat. Li\u00e9 jusqu\u2019en juin 2022, le buteur tricolore n\u2019a toujours rien sign\u00e9.<\/p>\n<p>Selon Les-Transferts et L\u2019Equipe, les dirigeants parisiens auraient d\u00e9cid\u00e9 de fixer une date \u00e0 leur joueur afin qu\u2019il prenne une d\u00e9cision. Le joueur aurait jusqu\u2019au 1er ao\u00fbt pour se d\u00e9cider. Si les choses n\u2019\u00e9voluent pas, il sera alors vendu et le club de la Capitale devra alors se mettre \u00e0 la recherche de son successeur.<\/p>\n<p><strong>Publi\u00e9 dans :<\/strong> <span>PSG<\/span> <span>Kylian Mbapp\u00e9<\/span><\/p>\n<\/div>\n<p>Auteur:<br \/>\n<a href=\"http:\/\/www.lebuteur.com\/article\/detail?titre=le-psg-fixerait-un-ultimatum-a-kylian-mbappe&#038;id=100154&#038;utm_source=feedburner&#038;utm_medium=feed&#038;utm_campaign=Feed%3A+GalerieFArtciles+%28Les+derniers+articles++-+lebuteur.com%29\">Cliquez ici pour lire l&rsquo;article depuis sa source.<\/a><\/p>\n","protected":false},"excerpt":{"rendered":"<p>Auteur : dimanche 23 mai 2021 15:15 Le directeur sportif br\u00e9silien doit trouver un accord avec Kylian Mbapp\u00e9 en vue d\u2019une prolongation de contrat. Li\u00e9 jusqu\u2019en juin 2022, le buteur tricolore n\u2019a toujours rien sign\u00e9. Selon Les-Transferts et L\u2019Equipe, les dirigeants parisiens auraient d\u00e9cid\u00e9 de fixer une date \u00e0 leur joueur afin qu\u2019il prenne une [&hellip;]<\/p>\n","protected":false},"author":1738,"featured_media":0,"comment_status":"closed","ping_status":"closed","sticky":false,"template":"","format":"standard","meta":{"fifu_image_url":"\/\/cdn.lebuteur.com\/data\/images\/article\/thumbs\/large-100154le-psg-fixerait-un-ultimatum-a-kylian-mbappe-51343.jpg","fifu_image_alt":"International : Le PSG fixerait un ultimatum \u00e0 Kylian Mbapp\u00e9","footnotes":""},"categories":[53,75],"tags":[],"class_list":["post-117247","post","type-post","status-publish","format-standard","hentry","category-algerie","category-sport"],"_links":{"self":[{"href":"https:\/\/linitiative.ca\/International\/wp-json\/wp\/v2\/posts\/117247","targetHints":{"allow":["GET"]}}],"collection":[{"href":"https:\/\/linitiative.ca\/International\/wp-json\/wp\/v2\/posts"}],"about":[{"href":"https:\/\/linitiative.ca\/International\/wp-json\/wp\/v2\/types\/post"}],"author":[{"embeddable":true,"href":"https:\/\/linitiative.ca\/International\/wp-json\/wp\/v2\/users\/1738"}],"replies":[{"embeddable":true,"href":"https:\/\/linitiative.ca\/International\/wp-json\/wp\/v2\/comments?post=117247"}],"version-history":[{"count":0,"href":"https:\/\/linitiative.ca\/International\/wp-json\/wp\/v2\/posts\/117247\/revisions"}],"wp:attachment":[{"href":"https:\/\/linitiative.ca\/International\/wp-json\/wp\/v2\/media?parent=117247"}],"wp:term":[{"taxonomy":"category","embeddable":true,"href":"https:\/\/linitiative.ca\/International\/wp-json\/wp\/v2\/categories?post=117247"},{"taxonomy":"post_tag","embeddable":true,"href":"https:\/\/linitiative.ca\/International\/wp-json\/wp\/v2\/tags?post=117247"}],"curies":[{"name":"wp","href":"https:\/\/api.w.org\/{rel}","templated":true}]}}