{"id":117249,"date":"2021-05-23T15:14:08","date_gmt":"2021-05-23T19:14:08","guid":{"rendered":"https:\/\/linitiative.ca\/International\/pros-ol-un-enorme-indice-lache-par-benlamri-sur-son-avenir-chez-les-gones\/"},"modified":"2021-05-23T15:14:08","modified_gmt":"2021-05-23T19:14:08","slug":"pros-ol-un-enorme-indice-lache-par-benlamri-sur-son-avenir-chez-les-gones","status":"publish","type":"post","link":"https:\/\/linitiative.ca\/International\/pros-ol-un-enorme-indice-lache-par-benlamri-sur-son-avenir-chez-les-gones\/","title":{"rendered":"Pros : OL: Un \u00e9norme indice l\u00e2ch\u00e9 par Benlamri sur son avenir chez les gones?"},"content":{"rendered":"<div readability=\"32\">\n<p>Auteur : <span class=\"time\">dimanche 23 mai 2021 16:22<\/span><\/p>\n<\/div>\n<div id=\"post_core\" readability=\"44\">\n<p>Arriv\u00e9 l\u2019\u00e9t\u00e9 dernier du c\u00f4t\u00e9 de l\u2019Olympique lyonnais, Djamel Benlamri peine \u00e0 trouver du temps de jeu lui qui est le troisi\u00e8me voir le quatri\u00e8me choix de Rudi Garcia cette saison. D\u00e9j\u00e0 annonc\u00e9 potentiellement partant cet hiver alors que des rumeurs annon\u00e7aient un int\u00e9r\u00eat de Montpellier, l\u2019Alg\u00e9rien pourrait partir cet \u00e9t\u00e9 alors que Damien Da Silva, le capitaine de Rennes, devrait en plus faire son arriv\u00e9e chez les Gones. D\u2019ailleurs, le dernier indice laiss\u00e9 par le d\u00e9fenseur de 31 ans laisse fortement croire l\u2019id\u00e9e d\u2019un d\u00e9part. En effet, comme le relaie un compte Twitter sp\u00e9cialiste du football qatari, Qatar Football Live, le natif d\u2019Alger a commenc\u00e9 \u00e0 suivre le Qatar Sports Club, une \u00e9quipe avec laquelle il a \u00e9t\u00e9 r\u00e9cemment li\u00e9. La pr\u00e9sence de son compatriote Youcef Belaili jouerait aussi dans cette d\u00e9cision. Tous ces indices laissent en tout cas penser que Djamel Benlamri devrait quitter l\u2019OL cet \u00e9t\u00e9 pour rejoindre le Qatar rapporte OnzeMondial.com. Affaire \u00e0 suivre.<\/p>\n<p><strong>Publi\u00e9 dans :<\/strong> <span>Benlamri<\/span><\/p>\n<\/div>\n<p>Auteur:<br \/>\n<a href=\"http:\/\/www.lebuteur.com\/article\/detail?titre=ol-un-enorme-indice-lache-par-benlamri-sur-son-avenir-chez-les-gones&#038;id=100156&#038;utm_source=feedburner&#038;utm_medium=feed&#038;utm_campaign=Feed%3A+GalerieFArtciles+%28Les+derniers+articles++-+lebuteur.com%29\">Cliquez ici pour lire l&rsquo;article depuis sa source.<\/a><\/p>\n","protected":false},"excerpt":{"rendered":"<p>Auteur : dimanche 23 mai 2021 16:22 Arriv\u00e9 l\u2019\u00e9t\u00e9 dernier du c\u00f4t\u00e9 de l\u2019Olympique lyonnais, Djamel Benlamri peine \u00e0 trouver du temps de jeu lui qui est le troisi\u00e8me voir le quatri\u00e8me choix de Rudi Garcia cette saison. D\u00e9j\u00e0 annonc\u00e9 potentiellement partant cet hiver alors que des rumeurs annon\u00e7aient un int\u00e9r\u00eat de Montpellier, l\u2019Alg\u00e9rien pourrait [&hellip;]<\/p>\n","protected":false},"author":1738,"featured_media":0,"comment_status":"closed","ping_status":"closed","sticky":false,"template":"","format":"standard","meta":{"fifu_image_url":"\/\/cdn.lebuteur.com\/data\/images\/article\/thumbs\/large-ol-un-enorme-indice-lache-par-benlamri-sur-son-avenir-chez-les-gones-b4b51.jpg","fifu_image_alt":"Pros : OL: Un \u00e9norme indice l\u00e2ch\u00e9 par Benlamri sur son avenir chez les gones?","footnotes":""},"categories":[53,75],"tags":[],"class_list":["post-117249","post","type-post","status-publish","format-standard","hentry","category-algerie","category-sport"],"_links":{"self":[{"href":"https:\/\/linitiative.ca\/International\/wp-json\/wp\/v2\/posts\/117249","targetHints":{"allow":["GET"]}}],"collection":[{"href":"https:\/\/linitiative.ca\/International\/wp-json\/wp\/v2\/posts"}],"about":[{"href":"https:\/\/linitiative.ca\/International\/wp-json\/wp\/v2\/types\/post"}],"author":[{"embeddable":true,"href":"https:\/\/linitiative.ca\/International\/wp-json\/wp\/v2\/users\/1738"}],"replies":[{"embeddable":true,"href":"https:\/\/linitiative.ca\/International\/wp-json\/wp\/v2\/comments?post=117249"}],"version-history":[{"count":0,"href":"https:\/\/linitiative.ca\/International\/wp-json\/wp\/v2\/posts\/117249\/revisions"}],"wp:attachment":[{"href":"https:\/\/linitiative.ca\/International\/wp-json\/wp\/v2\/media?parent=117249"}],"wp:term":[{"taxonomy":"category","embeddable":true,"href":"https:\/\/linitiative.ca\/International\/wp-json\/wp\/v2\/categories?post=117249"},{"taxonomy":"post_tag","embeddable":true,"href":"https:\/\/linitiative.ca\/International\/wp-json\/wp\/v2\/tags?post=117249"}],"curies":[{"name":"wp","href":"https:\/\/api.w.org\/{rel}","templated":true}]}}