{"id":117250,"date":"2021-05-23T15:14:10","date_gmt":"2021-05-23T19:14:10","guid":{"rendered":"https:\/\/linitiative.ca\/International\/international-real-florentino-perez-aurait-coche-la-liste-de-ses-indesirables\/"},"modified":"2021-05-23T15:14:10","modified_gmt":"2021-05-23T19:14:10","slug":"international-real-florentino-perez-aurait-coche-la-liste-de-ses-indesirables","status":"publish","type":"post","link":"https:\/\/linitiative.ca\/International\/international-real-florentino-perez-aurait-coche-la-liste-de-ses-indesirables\/","title":{"rendered":"International : Real : Florentino Perez aurait coch\u00e9 la liste de ses ind\u00e9sirables"},"content":{"rendered":"<div readability=\"32\">\n<p>Auteur : <span class=\"time\">dimanche 23 mai 2021 16:36<\/span><\/p>\n<\/div>\n<div id=\"post_core\" readability=\"52\">\n<p>Saison d\u00e9cevante pour le Real Madrid qui finira sans troph\u00e9e malgr\u00e9 de gros objectifs. De ce fait, Florentino Perez envisagerait de renforcer son effectif de belle mani\u00e8re avec des joueurs comme Alaba, Mbapp\u00e9 ou encore Haaland comme l&rsquo;indique Les-Transferts.<\/p>\n<p>N\u00e9anmoins, avant d\u2019acheter, les Merengues vont devoir se s\u00e9parer de quelques joueurs et le pr\u00e9sident madril\u00e8ne a d\u00e9j\u00e0 cibl\u00e9 5 joueurs.<\/p>\n<p>Il s\u2019agirait de Gareth Bale, Luka Jovic, Marcelo, Isco et Dani Ceballos, si l\u2019on en croit le m\u00e9dia ib\u00e9rique AS.<\/p>\n<p>Reste \u00e0 savoir si P\u00e9rez recevra des offres int\u00e9ressantes pour ses joueurs l\u00e0.<\/p>\n<p><strong>Publi\u00e9 dans :<\/strong> <span>real madrid<\/span><\/p>\n<\/div>\n<p>Auteur:<br \/>\n<a href=\"http:\/\/www.lebuteur.com\/article\/detail?titre=real-florentino-perez-aurait-coche-la-liste-de-ses-indesirables&#038;id=100157&#038;utm_source=feedburner&#038;utm_medium=feed&#038;utm_campaign=Feed%3A+GalerieFArtciles+%28Les+derniers+articles++-+lebuteur.com%29\">Cliquez ici pour lire l&rsquo;article depuis sa source.<\/a><\/p>\n","protected":false},"excerpt":{"rendered":"<p>Auteur : dimanche 23 mai 2021 16:36 Saison d\u00e9cevante pour le Real Madrid qui finira sans troph\u00e9e malgr\u00e9 de gros objectifs. De ce fait, Florentino Perez envisagerait de renforcer son effectif de belle mani\u00e8re avec des joueurs comme Alaba, Mbapp\u00e9 ou encore Haaland comme l&rsquo;indique Les-Transferts. N\u00e9anmoins, avant d\u2019acheter, les Merengues vont devoir se s\u00e9parer [&hellip;]<\/p>\n","protected":false},"author":1738,"featured_media":0,"comment_status":"closed","ping_status":"closed","sticky":false,"template":"","format":"standard","meta":{"fifu_image_url":"\/\/cdn.lebuteur.com\/data\/images\/article\/thumbs\/large-real-florentino-perez-aurait-coche-la-liste-de-ses-indesirables-9540d.jpg","fifu_image_alt":"International : Real : Florentino Perez aurait coch\u00e9 la liste de ses ind\u00e9sirables","footnotes":""},"categories":[53,75],"tags":[],"class_list":["post-117250","post","type-post","status-publish","format-standard","hentry","category-algerie","category-sport"],"_links":{"self":[{"href":"https:\/\/linitiative.ca\/International\/wp-json\/wp\/v2\/posts\/117250","targetHints":{"allow":["GET"]}}],"collection":[{"href":"https:\/\/linitiative.ca\/International\/wp-json\/wp\/v2\/posts"}],"about":[{"href":"https:\/\/linitiative.ca\/International\/wp-json\/wp\/v2\/types\/post"}],"author":[{"embeddable":true,"href":"https:\/\/linitiative.ca\/International\/wp-json\/wp\/v2\/users\/1738"}],"replies":[{"embeddable":true,"href":"https:\/\/linitiative.ca\/International\/wp-json\/wp\/v2\/comments?post=117250"}],"version-history":[{"count":0,"href":"https:\/\/linitiative.ca\/International\/wp-json\/wp\/v2\/posts\/117250\/revisions"}],"wp:attachment":[{"href":"https:\/\/linitiative.ca\/International\/wp-json\/wp\/v2\/media?parent=117250"}],"wp:term":[{"taxonomy":"category","embeddable":true,"href":"https:\/\/linitiative.ca\/International\/wp-json\/wp\/v2\/categories?post=117250"},{"taxonomy":"post_tag","embeddable":true,"href":"https:\/\/linitiative.ca\/International\/wp-json\/wp\/v2\/tags?post=117250"}],"curies":[{"name":"wp","href":"https:\/\/api.w.org\/{rel}","templated":true}]}}