{"id":117251,"date":"2021-05-23T15:14:12","date_gmt":"2021-05-23T19:14:12","guid":{"rendered":"https:\/\/linitiative.ca\/International\/man-city-mahrez-passeur-decisif-face-a-everton-video\/"},"modified":"2021-05-23T15:14:12","modified_gmt":"2021-05-23T19:14:12","slug":"man-city-mahrez-passeur-decisif-face-a-everton-video","status":"publish","type":"post","link":"https:\/\/linitiative.ca\/International\/man-city-mahrez-passeur-decisif-face-a-everton-video\/","title":{"rendered":"Man City : Mahrez passeur d\u00e9cisif face \u00e0 Everton (Vid\u00e9o)"},"content":{"rendered":"<div>L&rsquo;international alg\u00e9rien n&rsquo;a pas manqu\u00e9 de s&rsquo;illustrer \u00e0 l&rsquo;occasion de l&rsquo;ultime et derni\u00e8re journ\u00e9e de Premier League<img loading=\"lazy\" decoding=\"async\" src=\"http:\/\/feeds.feedburner.com\/~r\/GalerieFArtciles\/~4\/xWiHcjgT26I\" height=\"1\" width=\"1\" alt=\"\"><\/div>\n<p>Auteur:<br \/>\n<a href=\"http:\/\/www.lebuteur.com\/article\/detail?titre=man-city-mahrez-passeur-decisif-face-a-everton-video&#038;id=100158&#038;utm_source=feedburner&#038;utm_medium=feed&#038;utm_campaign=Feed%3A+GalerieFArtciles+%28Les+derniers+articles++-+lebuteur.com%29\">Cliquez ici pour lire l&rsquo;article depuis sa source.<\/a><\/p>\n","protected":false},"excerpt":{"rendered":"<p>L&rsquo;international alg\u00e9rien n&rsquo;a pas manqu\u00e9 de s&rsquo;illustrer \u00e0 l&rsquo;occasion de l&rsquo;ultime et derni\u00e8re journ\u00e9e de Premier League Auteur: Cliquez ici pour lire l&rsquo;article depuis sa source.<\/p>\n","protected":false},"author":1738,"featured_media":0,"comment_status":"closed","ping_status":"closed","sticky":false,"template":"","format":"standard","meta":{"fifu_image_url":"http:\/\/feeds.feedburner.com\/~r\/GalerieFArtciles\/~4\/xWiHcjgT26I","fifu_image_alt":"Man City : Mahrez passeur d\u00e9cisif face \u00e0 Everton (Vid\u00e9o)","footnotes":""},"categories":[53,75],"tags":[],"class_list":["post-117251","post","type-post","status-publish","format-standard","hentry","category-algerie","category-sport"],"_links":{"self":[{"href":"https:\/\/linitiative.ca\/International\/wp-json\/wp\/v2\/posts\/117251","targetHints":{"allow":["GET"]}}],"collection":[{"href":"https:\/\/linitiative.ca\/International\/wp-json\/wp\/v2\/posts"}],"about":[{"href":"https:\/\/linitiative.ca\/International\/wp-json\/wp\/v2\/types\/post"}],"author":[{"embeddable":true,"href":"https:\/\/linitiative.ca\/International\/wp-json\/wp\/v2\/users\/1738"}],"replies":[{"embeddable":true,"href":"https:\/\/linitiative.ca\/International\/wp-json\/wp\/v2\/comments?post=117251"}],"version-history":[{"count":0,"href":"https:\/\/linitiative.ca\/International\/wp-json\/wp\/v2\/posts\/117251\/revisions"}],"wp:attachment":[{"href":"https:\/\/linitiative.ca\/International\/wp-json\/wp\/v2\/media?parent=117251"}],"wp:term":[{"taxonomy":"category","embeddable":true,"href":"https:\/\/linitiative.ca\/International\/wp-json\/wp\/v2\/categories?post=117251"},{"taxonomy":"post_tag","embeddable":true,"href":"https:\/\/linitiative.ca\/International\/wp-json\/wp\/v2\/tags?post=117251"}],"curies":[{"name":"wp","href":"https:\/\/api.w.org\/{rel}","templated":true}]}}