{"id":117252,"date":"2021-05-23T04:19:00","date_gmt":"2021-05-23T08:19:00","guid":{"rendered":"https:\/\/linitiative.ca\/International\/deces-dahmed-mestiri-le-bourguibien-le-grand-opposant-de-bourguiba\/"},"modified":"2021-05-23T04:19:00","modified_gmt":"2021-05-23T08:19:00","slug":"deces-dahmed-mestiri-le-bourguibien-le-grand-opposant-de-bourguiba","status":"publish","type":"post","link":"https:\/\/linitiative.ca\/International\/deces-dahmed-mestiri-le-bourguibien-le-grand-opposant-de-bourguiba\/","title":{"rendered":"D\u00e9c\u00e8s d\u2019Ahmed Mestiri : Le bourguibien, le grand opposant de Bourguiba"},"content":{"rendered":"<p>Il aura boucl\u00e9 ses 95 ans, le 2 juillet prochain. <a href=\"https:\/\/www.leaders.com.tn\/article\/6850-ahmed-mestiri-livre-son-temoignage-pour-l-histoire\" target=\"_blank\" rel=\"noopener\">Ahmed Mestiri<\/a>, ancien ministre de Bourguiba, qui a quitt\u00e9 le gouvernement d\u00e8s 1971 pour fonder le Mouvement des d\u00e9mocrates socialistes (MDS) est d\u00e9c\u00e9d\u00e9. Il laisse le grand souvenir d\u2019un militant irr\u00e9ductible pour la d\u00e9mocratie, les libert\u00e9s et les droits de l\u2019homme. Lors des consultations du dialogue national pour la formation, fin 2013, d\u2019un gouvernement d\u2019union nationale, il avait d\u00e9clin\u00e9 les propositions pressantes pour constituer une \u00e9quipe ind\u00e9pendante.<\/p>\n<p>Militant destourien, il s\u2019impliquera d\u00e8s sa prime jeunesse dans la r\u00e9sistance clandestine, puis dirigera en 1954, le cabinet de Mongi Slim, ministre d\u2019\u00c9tat dans le gouvernement des n\u00e9gociations pour l\u2019ind\u00e9pendance.<\/p>\n<p>Juriste de formation, Me Mestiri a largement contribu\u00e9, tout jeune secr\u00e9taire d\u2019\u00c9tat \u00e0 la Justice (1956 \u2013 1958), \u00e0 la finalisation du code du Statut personnel, abrogeant la polygamie. Ambassadeur \u00e0 Moscou (1960), puis \u00e0 Alger (1961), Ahmed Mestiri sera t\u00e9moin des grandes transformations qui commencent dans ces deux pays et y portera les messages de la Tunisie<\/p>\n<p>Bourguiba l\u2019appellera de nouveau au gouvernement, en 1966 pour lui confier le minist\u00e8re de la D\u00e9fense, jusque-l\u00e0 tenu par Bahi Ladgham, o\u00f9 il avait besoin d\u2019un homme de confiance, comme son pr\u00e9d\u00e9cesseur, mais aussi de modernit\u00e9 et de restructuration. Ahmed Mestiri y restera deux ans et demi, jusqu\u2019en janvier 1968. Marquant son opposition \u00e0 la politique collectiviste pr\u00f4n\u00e9e par Ahmed Ben Salah, il pr\u00e9sentera sa d\u00e9mission du gouvernement. La fin de cette politique et l\u2019amorce d\u2019un changement de cap, le fera revenir au s\u00e9rail, le 8 juin 1970, en tant que rapporteur de la commission sup\u00e9rieure du parti socialiste destourien devant esquisser de nouvelles r\u00e9formes. Quelques jours seulement apr\u00e8s, Ahmed Mestiri r\u00e9int\u00e8gre le gouvernement, r\u00e9cup\u00e9rant le portefeuille strat\u00e9gique de l\u2019Int\u00e9rieur.<\/p>\n<p>Il n\u2019y restera pas longtemps, d\u00e9senchant\u00e9 par les fausses promesses d\u2019ouverture d\u00e9mocratique. La suite s\u2019enroulera rapidement\u00a0: nouvelle d\u00e9mission, bras de fer lors du congr\u00e8s du PSD \u00e0 Monastir, en octobre 1971, rupture avec Bourguiba et cr\u00e9ation du MDS. Commenceront alors de longues ann\u00e9es de lutte\u2026 Le MDS et la Ligue tunisienne des Droits de l\u2019Homme seront alors la plateforme centrale d\u2019un intense combat.<\/p>\n<p><strong>Lire aussi<\/strong><\/p>\n<p><a href=\"https:\/\/www.leaders.com.tn\/article\/6850-ahmed-mestiri-livre-son-temoignage-pour-l-histoire\" target=\"_blank\" rel=\"noopener\">Ahmed Mestiri livre son \u00abT\u00e9moignage pour l&rsquo;Histoire\u00bb<\/a><\/p>\n<p><a href=\"https:\/\/www.leaders.com.tn\/article\/9586-ahmed-mestiri-menaces-sur-l-identite-tunisienne-et-l-economie\">Ahmed Mestiri : Menaces sur l&rsquo;identit\u00e9 tunisienne et l&rsquo;\u00e9conomie<\/a><\/p>\n<p>Auteur:<br \/>\n<a href=\"https:\/\/www.leaders.com.tn\/article\/31915-deces-d-ahmed-mestiri-le-bourguibien-le-grand-opposant-de-bourguiba\">Cliquez ici pour lire l&rsquo;article depuis sa source.<\/a><\/p>\n","protected":false},"excerpt":{"rendered":"<p>Il aura boucl\u00e9 ses 95 ans, le 2 juillet prochain. Ahmed Mestiri, ancien ministre de Bourguiba, qui a quitt\u00e9 le gouvernement d\u00e8s 1971 pour fonder le Mouvement des d\u00e9mocrates socialistes (MDS) est d\u00e9c\u00e9d\u00e9. Il laisse le grand souvenir d\u2019un militant irr\u00e9ductible pour la d\u00e9mocratie, les libert\u00e9s et les droits de l\u2019homme. Lors des consultations du [&hellip;]<\/p>\n","protected":false},"author":1772,"featured_media":0,"comment_status":"closed","ping_status":"closed","sticky":false,"template":"","format":"standard","meta":{"fifu_image_url":"","fifu_image_alt":"","footnotes":""},"categories":[73,55],"tags":[],"class_list":["post-117252","post","type-post","status-publish","format-standard","hentry","category-actualite","category-tunisie"],"_links":{"self":[{"href":"https:\/\/linitiative.ca\/International\/wp-json\/wp\/v2\/posts\/117252","targetHints":{"allow":["GET"]}}],"collection":[{"href":"https:\/\/linitiative.ca\/International\/wp-json\/wp\/v2\/posts"}],"about":[{"href":"https:\/\/linitiative.ca\/International\/wp-json\/wp\/v2\/types\/post"}],"author":[{"embeddable":true,"href":"https:\/\/linitiative.ca\/International\/wp-json\/wp\/v2\/users\/1772"}],"replies":[{"embeddable":true,"href":"https:\/\/linitiative.ca\/International\/wp-json\/wp\/v2\/comments?post=117252"}],"version-history":[{"count":0,"href":"https:\/\/linitiative.ca\/International\/wp-json\/wp\/v2\/posts\/117252\/revisions"}],"wp:attachment":[{"href":"https:\/\/linitiative.ca\/International\/wp-json\/wp\/v2\/media?parent=117252"}],"wp:term":[{"taxonomy":"category","embeddable":true,"href":"https:\/\/linitiative.ca\/International\/wp-json\/wp\/v2\/categories?post=117252"},{"taxonomy":"post_tag","embeddable":true,"href":"https:\/\/linitiative.ca\/International\/wp-json\/wp\/v2\/tags?post=117252"}],"curies":[{"name":"wp","href":"https:\/\/api.w.org\/{rel}","templated":true}]}}