{"id":117254,"date":"2021-05-23T06:00:00","date_gmt":"2021-05-23T10:00:00","guid":{"rendered":"https:\/\/linitiative.ca\/International\/donner-confiance-a-votre-enfant\/"},"modified":"2021-05-23T06:00:00","modified_gmt":"2021-05-23T10:00:00","slug":"donner-confiance-a-votre-enfant","status":"publish","type":"post","link":"https:\/\/linitiative.ca\/International\/donner-confiance-a-votre-enfant\/","title":{"rendered":"Donner confiance \u00e0 votre enfant"},"content":{"rendered":"<p>Il r\u00e9ussit \u00e0 monter les escaliers pour la premi\u00e8re fois, \u00e0 embo\u00eeter les cubes ensemble, \u00e0 boire dans un grand verre, \u00e0 mettre sa veste tout seul : f\u00e9licitez-le haut et fort !\u00a0<br \/>Ces gestes peuvent sembler anodins mais pour lui, ce sont des exploits au quotidien. Dites-lui : \u00abC&rsquo;est tr\u00e8s bien, je te f\u00e9licite.\u00bb Vous lirez le plaisir et la fiert\u00e9 dans ses yeux. Donner confiance \u00e0 votre enfant, c&rsquo;est lui donner toutes les chances d&rsquo;\u00eatre un adulte heureux qui osera entreprendre et sera courageux.<\/p>\n<p>Auteur:<br \/>\n<a href=\"https:\/\/www.lesoirdalgerie.com\/femme-magazine\/donner-confiance-a-votre-enfant-61513\">Cliquez ici pour lire l&rsquo;article depuis sa source.<\/a><\/p>\n","protected":false},"excerpt":{"rendered":"<p>Il r\u00e9ussit \u00e0 monter les escaliers pour la premi\u00e8re fois, \u00e0 embo\u00eeter les cubes ensemble, \u00e0 boire dans un grand verre, \u00e0 mettre sa veste tout seul : f\u00e9licitez-le haut et fort !\u00a0Ces gestes peuvent sembler anodins mais pour lui, ce sont des exploits au quotidien. Dites-lui : \u00abC&rsquo;est tr\u00e8s bien, je te f\u00e9licite.\u00bb Vous [&hellip;]<\/p>\n","protected":false},"author":1741,"featured_media":0,"comment_status":"closed","ping_status":"closed","sticky":false,"template":"","format":"standard","meta":{"fifu_image_url":"","fifu_image_alt":"","footnotes":""},"categories":[73,53],"tags":[],"class_list":["post-117254","post","type-post","status-publish","format-standard","hentry","category-actualite","category-algerie"],"_links":{"self":[{"href":"https:\/\/linitiative.ca\/International\/wp-json\/wp\/v2\/posts\/117254","targetHints":{"allow":["GET"]}}],"collection":[{"href":"https:\/\/linitiative.ca\/International\/wp-json\/wp\/v2\/posts"}],"about":[{"href":"https:\/\/linitiative.ca\/International\/wp-json\/wp\/v2\/types\/post"}],"author":[{"embeddable":true,"href":"https:\/\/linitiative.ca\/International\/wp-json\/wp\/v2\/users\/1741"}],"replies":[{"embeddable":true,"href":"https:\/\/linitiative.ca\/International\/wp-json\/wp\/v2\/comments?post=117254"}],"version-history":[{"count":0,"href":"https:\/\/linitiative.ca\/International\/wp-json\/wp\/v2\/posts\/117254\/revisions"}],"wp:attachment":[{"href":"https:\/\/linitiative.ca\/International\/wp-json\/wp\/v2\/media?parent=117254"}],"wp:term":[{"taxonomy":"category","embeddable":true,"href":"https:\/\/linitiative.ca\/International\/wp-json\/wp\/v2\/categories?post=117254"},{"taxonomy":"post_tag","embeddable":true,"href":"https:\/\/linitiative.ca\/International\/wp-json\/wp\/v2\/tags?post=117254"}],"curies":[{"name":"wp","href":"https:\/\/api.w.org\/{rel}","templated":true}]}}