{"id":117256,"date":"2021-05-23T06:00:00","date_gmt":"2021-05-23T10:00:00","guid":{"rendered":"https:\/\/linitiative.ca\/International\/mettre-en-valeur-ses-qualites\/"},"modified":"2021-05-23T06:00:00","modified_gmt":"2021-05-23T10:00:00","slug":"mettre-en-valeur-ses-qualites","status":"publish","type":"post","link":"https:\/\/linitiative.ca\/International\/mettre-en-valeur-ses-qualites\/","title":{"rendered":"Mettre en valeur ses qualit\u00e9s"},"content":{"rendered":"<p class=\"c3\">Pour y parvenir, il suffit de se regarder par l&rsquo;autre bout de la lorgnette. Au lieu de garder l&rsquo;\u0153il braqu\u00e9 sur ses d\u00e9fauts, il vaut mieux le tourner vers ses qualit\u00e9s. Tout le monde poss\u00e8de au moins un atout : une peau claire et douce, des jambes fusel\u00e9es, une chevelure soyeuse, des mains fines\u2026 En concentrant son attention sur cet \u00e9l\u00e9ment de son image, on peut apprendre \u00e0 le mettre en valeur, que ce soit par la d\u00e9marche, l&rsquo;allure g\u00e9n\u00e9rale, les gestes, les mimiques ou par les v\u00eatements (un maillot de bain bien choisi, par exemple). Du coup, les d\u00e9fauts sur lesquels on focalise d&rsquo;ordinaire toute notre attention deviennent secondaires. Nous montrons aux autres une image de nous-m\u00eames plus valorisante, et forc\u00e9ment plus juste !<\/p>\n<p>Auteur:<br \/>\n<a href=\"https:\/\/www.lesoirdalgerie.com\/femme-magazine\/mettre-en-valeur-ses-qualites-61511\">Cliquez ici pour lire l&rsquo;article depuis sa source.<\/a><\/p>\n","protected":false},"excerpt":{"rendered":"<p>Pour y parvenir, il suffit de se regarder par l&rsquo;autre bout de la lorgnette. Au lieu de garder l&rsquo;\u0153il braqu\u00e9 sur ses d\u00e9fauts, il vaut mieux le tourner vers ses qualit\u00e9s. Tout le monde poss\u00e8de au moins un atout : une peau claire et douce, des jambes fusel\u00e9es, une chevelure soyeuse, des mains fines\u2026 En [&hellip;]<\/p>\n","protected":false},"author":1741,"featured_media":0,"comment_status":"closed","ping_status":"closed","sticky":false,"template":"","format":"standard","meta":{"fifu_image_url":"","fifu_image_alt":"","footnotes":""},"categories":[73,53],"tags":[],"class_list":["post-117256","post","type-post","status-publish","format-standard","hentry","category-actualite","category-algerie"],"_links":{"self":[{"href":"https:\/\/linitiative.ca\/International\/wp-json\/wp\/v2\/posts\/117256","targetHints":{"allow":["GET"]}}],"collection":[{"href":"https:\/\/linitiative.ca\/International\/wp-json\/wp\/v2\/posts"}],"about":[{"href":"https:\/\/linitiative.ca\/International\/wp-json\/wp\/v2\/types\/post"}],"author":[{"embeddable":true,"href":"https:\/\/linitiative.ca\/International\/wp-json\/wp\/v2\/users\/1741"}],"replies":[{"embeddable":true,"href":"https:\/\/linitiative.ca\/International\/wp-json\/wp\/v2\/comments?post=117256"}],"version-history":[{"count":0,"href":"https:\/\/linitiative.ca\/International\/wp-json\/wp\/v2\/posts\/117256\/revisions"}],"wp:attachment":[{"href":"https:\/\/linitiative.ca\/International\/wp-json\/wp\/v2\/media?parent=117256"}],"wp:term":[{"taxonomy":"category","embeddable":true,"href":"https:\/\/linitiative.ca\/International\/wp-json\/wp\/v2\/categories?post=117256"},{"taxonomy":"post_tag","embeddable":true,"href":"https:\/\/linitiative.ca\/International\/wp-json\/wp\/v2\/tags?post=117256"}],"curies":[{"name":"wp","href":"https:\/\/api.w.org\/{rel}","templated":true}]}}