{"id":117259,"date":"2021-05-23T06:46:05","date_gmt":"2021-05-23T10:46:05","guid":{"rendered":"https:\/\/linitiative.ca\/International\/espagne-les-ambassadeurs-espagnols-en-europe-sommes-de-contrer-loffensive-diplomatique-du-maroc\/"},"modified":"2021-05-23T06:46:05","modified_gmt":"2021-05-23T10:46:05","slug":"espagne-les-ambassadeurs-espagnols-en-europe-sommes-de-contrer-loffensive-diplomatique-du-maroc","status":"publish","type":"post","link":"https:\/\/linitiative.ca\/International\/espagne-les-ambassadeurs-espagnols-en-europe-sommes-de-contrer-loffensive-diplomatique-du-maroc\/","title":{"rendered":"Espagne : les ambassadeurs espagnols en Europe somm\u00e9s de contrer l\u2019offensive diplomatique du Maroc"},"content":{"rendered":"<p><strong>Le minist\u00e8re espagnol des affaires \u00e9trang\u00e8res vient de donner, \u00e0 travers une note, des instructions aux ambassadeurs ib\u00e9riques dans les 27 pays de l\u2019Union europ\u00e9enne pour contrer l\u2019offensive diplomatique du Maroc suite \u00e0 la crise migratoire et l\u2019affaire du chef du polisario Brahim Ghali, rapporte le site El Confidencial Digital (ECD). Principal argument avanc\u00e9, selon la m\u00eame source, \u00ab\u00a0la crise migratoire \u00e0 la fronti\u00e8re de Sebta est directement li\u00e9e \u00e0 la situation au Sahara\u00a0\u00bb.<\/strong><\/p>\n<div class=\"c10\">\n<\/div>\n<p>Suite \u00e0 la crise migratoire et l\u2019affaire du chef du polisario Brahim Ghali, la diplomatie espagnole multiplie les man\u0153uvres pour mettre \u00e0 mal le Maroc avec ses alli\u00e9s europ\u00e9ens. La derni\u00e8re en date est une note adress\u00e9e par le Chef du cabinet du minist\u00e8re des Affaires \u00e9trang\u00e8res aux ambassadeurs espagnols dans les 27 pays de l\u2019Union europ\u00e9enne pour contrer l\u2019offensive diplomatique du Maroc, rapporte le <a href=\"https:\/\/www.elconfidencial.com\/espana\/2021-05-22\/exteriores-explica-a-sus-embajadores-que-la-crisis-esta-relacionada-con-el-sahara_3093751\/\">site El Confidencial Digital<\/a>, qui fait \u00e9tat \u00e9galement de la teneur des instructions contenues dans cette lettre. Le principal argument mis avant dans cette note est que \u00ab\u00a0la crise migratoire \u00e0 la fronti\u00e8re de Sebta est directement li\u00e9e \u00e0 la situation au Sahara\u00a0\u00bb, rel\u00e8ve la m\u00eame source, qui pr\u00e9cise que la note a \u00e9t\u00e9 pr\u00e9par\u00e9e par le diplomate Camilo Villarino, directeur du cabinet de la ministre des Affaires Etrang\u00e8res, Arancha Gonz\u00e1lez Laya, et envoy\u00e9e aux ambassadeurs par l\u2019interm\u00e9diaire du Secr\u00e9taire d\u2019\u00c9tat de l\u2019Union europ\u00e9enne. Comment alors expliquer cette man\u0153uvre du d\u00e9partement espagnol des affaires \u00e9trang\u00e8res\u00a0?<\/p>\n<p><strong>Lire aussi| <a href=\"https:\/\/www.challenge.ma\/tebboune-agonise-une-algerie-en-pleine-recession-economique-par-mehdi-hijaouy-185273\/\">Tebboune agonise : une Alg\u00e9rie en pleine r\u00e9cession \u00e9conomique [par Mehdi Hijaouy]<\/a><\/strong><\/p>\n<p>Selon El Confidencial, Camilo Villarino a expliqu\u00e9 dans une note interne qu\u2019ils ont appris que \u00ab\u00a0le Maroc multiplie les initiatives dans diff\u00e9rents pays de l\u2019Union europ\u00e9enne pour pr\u00e9senter la version des \u00e9v\u00e9nements li\u00e9s \u00e0 la crise actuelle entre son pays et l\u2019Espagne\u00a0\u00bb. Pour cette raison, il est n\u00e9cessaire que des arguments soient envoy\u00e9s aux ambassades espagnoles \u00ab\u00a0afin qu\u2019elles puissent les utiliser de mani\u00e8re proactive dans leurs contacts avec les minist\u00e8res des Affaires \u00e9trang\u00e8res des pays de l\u2019UE\u00a0\u00bb, rapporte le site espagnol qui rappelle que le directeur du cabinet de la ministre des Affaires Etrang\u00e8res, est l\u2019un des rares hauts fonctionnaires \u00e0 avoir particip\u00e9 \u00e0 l\u2019op\u00e9ration de transfert du chef du polisario, Brahim Ghali, \u00e0 l\u2019h\u00f4pital de Logro\u00f1o avec une fausse identit\u00e9 pour \u00eatre soign\u00e9 \u00e0 l\u2019USI. Il se trouve \u00e9galement que ce diplomate a \u00e9t\u00e9 num\u00e9ro 2 \u00e0 l\u2019ambassade d\u2019Espagne au Maroc pendant quatre ans et, par cons\u00e9quent, conna\u00eet bien les relations entre les deux royaumes, pr\u00e9cise la m\u00eame source. Et cette derni\u00e8re de pr\u00e9ciser que cette op\u00e9ration a \u00e9t\u00e9 combattue par le ministre de l\u2019Int\u00e9rieur, Fernando Grande-Marlaska. \u00ab\u00a0Il a m\u00eame voulu faire savoir par \u00e9crit au minist\u00e8re des Affaires \u00e9trang\u00e8res son opposition au transfert en Espagne de Ghali, en raison des cons\u00e9quences possibles\u00a0\u00bb, ajoute El Confidencial.<\/p>\n<p>Pour autant, la diplomatie espagnole se dit satisfait du soutien de l\u2019UE. \u00abNous appr\u00e9cions le soutien que nous avons re\u00e7u de la part de institutions europ\u00e9ennes et des \u00c9tats membres de l\u2019UE, essentiellement pour deux raisons : pour la solidarit\u00e9 qui a \u00e9t\u00e9 exprim\u00e9e et aussi le fait que les Etats membres consid\u00e8rent Sebta comme une fronti\u00e8re de l\u2019Union\u00a0\u00bb, pourrait-on lire dans l\u2019instruction r\u00e9dig\u00e9e en anglais.<\/p>\n<p>Autre argument mis avant dans la note, selon El Confidencial\u00a0:\u00a0 \u00ab\u00a0Il est \u00e9vident, en tout cas, que la r\u00e9action du Maroc ne peut \u00eatre expliqu\u00e9e par la question du Sahara. La toile de fond est le Sahara, malgr\u00e9 le fait que le ministre marocain a toujours ni\u00e9 publiquement cela. Nous devons admettre que nous sommes choqu\u00e9s et tr\u00e8s surpris par le nombre d\u2019arriv\u00e9es et les images terribles de jeunes et d\u2019enfants qui mettent leur vie en danger en mer, ce qui ne peut laisser personne indiff\u00e9rent. La migration ne doit jamais \u00eatre utilis\u00e9e comme un outil pour exercer une pression politique\u00a0\u00bb, indique-t-on dans la lettre aux ambassadeurs.<\/p>\n<p>En guise de conclusion, le minist\u00e8re espagnol des Affaires \u00e9trang\u00e8res pr\u00e9cise dans sa correspondance que la coop\u00e9ration en mati\u00e8re de migration est la cl\u00e9 des relations bilat\u00e9rales entre l\u2019Espagne et le Maroc et aussi entre ce dernier et l\u2019Union europ\u00e9enne. \u00ab\u00a0Les canaux de communication avec les autorit\u00e9s marocaines sont ouverts \u00bb, d\u00e9clare le minist\u00e8re des Affaires \u00e9trang\u00e8res. Notre aspiration est de regarder vers l\u2019avenir et de continuer \u00e0 travailler pour que les relations se poursuivent et offrent les excellents r\u00e9sultats qu\u2019il avait donn\u00e9s\u00a0\u00bb.<\/p>\n<p><strong>Lire aussi| <a href=\"https:\/\/www.challenge.ma\/les-turpitudes-inqualifiables-espagnoles-contre-le-maroc-par-najib-benamour-185398\/\">Les turpitudes inqualifiables espagnoles contre le Maroc! [par Najib Benamour]<\/a><\/strong><\/p>\n<p>Auteur: challenge<br \/>\n<a href=\"https:\/\/www.challenge.ma\/espagne-les-ambassadeurs-espagnols-en-europe-sommes-de-contrer-loffensive-diplomatique-du-maroc-185421\/\">Cliquez ici pour lire l&rsquo;article depuis sa source.<\/a><\/p>\n","protected":false},"excerpt":{"rendered":"<p>Le minist\u00e8re espagnol des affaires \u00e9trang\u00e8res vient de donner, \u00e0 travers une note, des instructions aux ambassadeurs ib\u00e9riques dans les 27 pays de l\u2019Union europ\u00e9enne pour contrer l\u2019offensive diplomatique du Maroc suite \u00e0 la crise migratoire et l\u2019affaire du chef du polisario Brahim Ghali, rapporte le site El Confidencial Digital (ECD). Principal argument avanc\u00e9, selon [&hellip;]<\/p>\n","protected":false},"author":1787,"featured_media":0,"comment_status":"closed","ping_status":"closed","sticky":false,"template":"","format":"standard","meta":{"fifu_image_url":"","fifu_image_alt":"","footnotes":""},"categories":[78,54],"tags":[],"class_list":["post-117259","post","type-post","status-publish","format-standard","hentry","category-economie","category-maroc"],"_links":{"self":[{"href":"https:\/\/linitiative.ca\/International\/wp-json\/wp\/v2\/posts\/117259","targetHints":{"allow":["GET"]}}],"collection":[{"href":"https:\/\/linitiative.ca\/International\/wp-json\/wp\/v2\/posts"}],"about":[{"href":"https:\/\/linitiative.ca\/International\/wp-json\/wp\/v2\/types\/post"}],"author":[{"embeddable":true,"href":"https:\/\/linitiative.ca\/International\/wp-json\/wp\/v2\/users\/1787"}],"replies":[{"embeddable":true,"href":"https:\/\/linitiative.ca\/International\/wp-json\/wp\/v2\/comments?post=117259"}],"version-history":[{"count":0,"href":"https:\/\/linitiative.ca\/International\/wp-json\/wp\/v2\/posts\/117259\/revisions"}],"wp:attachment":[{"href":"https:\/\/linitiative.ca\/International\/wp-json\/wp\/v2\/media?parent=117259"}],"wp:term":[{"taxonomy":"category","embeddable":true,"href":"https:\/\/linitiative.ca\/International\/wp-json\/wp\/v2\/categories?post=117259"},{"taxonomy":"post_tag","embeddable":true,"href":"https:\/\/linitiative.ca\/International\/wp-json\/wp\/v2\/tags?post=117259"}],"curies":[{"name":"wp","href":"https:\/\/api.w.org\/{rel}","templated":true}]}}