{"id":117260,"date":"2021-05-23T08:06:45","date_gmt":"2021-05-23T12:06:45","guid":{"rendered":"https:\/\/linitiative.ca\/International\/aeroport-mohammed-v-le-nouveau-terminal-dedie-aux-vols-interieurs-est-operationnel\/"},"modified":"2021-05-23T08:06:45","modified_gmt":"2021-05-23T12:06:45","slug":"aeroport-mohammed-v-le-nouveau-terminal-dedie-aux-vols-interieurs-est-operationnel","status":"publish","type":"post","link":"https:\/\/linitiative.ca\/International\/aeroport-mohammed-v-le-nouveau-terminal-dedie-aux-vols-interieurs-est-operationnel\/","title":{"rendered":"A\u00e9roport Mohammed V : le nouveau terminal d\u00e9di\u00e9 aux vols int\u00e9rieurs est op\u00e9rationnel"},"content":{"rendered":"<p><strong>Un nouveau terminal d\u00e9di\u00e9 aux vols int\u00e9rieur a ouvert ses portes \u00e0 l\u2019a\u00e9roport Casablanca Mohammed V.\u00a0Ayant n\u00e9cessit\u00e9 un investissement de de 95,25 millions de DH, cette nouvelle infrastructure a pour objectifs, entre autres, la s\u00e9paration des flux des passagers des vols internationaux et int\u00e9rieurs et l\u2019augmentation de la capacit\u00e9 d\u2019accueil des passagers des vols int\u00e9rieurs.<\/strong><\/p>\n<div class=\"c10\">\n<\/div>\n<p>Un nouveau terminal d\u00e9di\u00e9 aux vols int\u00e9rieurs a \u00e9t\u00e9 mis en service, vendredi 21 mai, \u00e0 l\u2019a\u00e9roport Casablanca Mohammed V. L\u2019annonce a \u00e9t\u00e9 faite par l\u2019Office national des a\u00e9roports (ONDA).\u00a0D\u2019un investissement de l\u2019ordre de 95,25 millions de DH, cette nouvelle infrastructure s\u2019inscrit dans le cadre \u00ab\u00a0d\u2019un projet plus large visant l\u2019extension de l\u2019a\u00e9roport Casablanca Mohammed V, \u00e0 travers la construction d\u2019une zone centrale sur trois niveaux, situ\u00e9e entre les deux terminaux I et II, et qui a pour objectif de mettre en place une zone arriv\u00e9e commune au terminal 1 et au terminal 2\u00a0\u00bb, indique l\u2019Office dans un communiqu\u00e9.\u00a0 Alliant confort et convivialit\u00e9, ce nouveau terminal, qui s\u2019\u00e9tend sur une superficie globale de 5.700 m2, offre un cadre agr\u00e9able pour les passagers des vols int\u00e9rieurs et ceux en correspondance (les passagers des vols int\u00e9rieurs en transit pour un vol national ou international et vice versa). Il est dot\u00e9 des technologies les plus r\u00e9centes et des \u00e9quipements les plus modernes.\u00a0<\/p>\n<p><strong>Lire aussi| <a href=\"https:\/\/www.challenge.ma\/espagne-les-ambassadeurs-espagnols-en-europe-sommes-de-contrer-loffensive-diplomatique-du-maroc-185421\/\">Espagne : les ambassadeurs espagnols en Europe somm\u00e9s de contrer l\u2019offensive diplomatique du Maroc<\/a><\/strong><\/p>\n<p>Selon, l\u2019ONDA, la r\u00e9alisation de ce terminal a pour objectifs la s\u00e9paration des flux des passagers des vols internationaux et int\u00e9rieurs, l\u2019am\u00e9lioration de l\u2019exp\u00e9rience du passager des vols int\u00e9rieurs en offrant des espaces alliant confort et qualit\u00e9 de service, et l\u2019augmentation de la capacit\u00e9 d\u2019accueil des passagers des vols int\u00e9rieurs, indique l\u2019ONDA.\u00a0 Avec cette nouvelle configuration, les passagers des vols int\u00e9rieurs, apr\u00e8s avoir effectu\u00e9 les formalit\u00e9s d\u2019enregistrement au Terminal 1, peuvent rejoindre le nouveau Terminal pour les formalit\u00e9s d\u2019inspection filtrage et d\u2019embarquement.\u00a0 L\u2019a\u00e9roport Casablanca Mohammed V offre 169 fr\u00e9quences hebdomadaires reliant la ville de Casablanca \u00e0 13 destinations nationales, op\u00e9r\u00e9es par Royal Air Maroc et Air Arabia.\u00a0 L\u2019a\u00e9roport a accueilli 1.123.477 passagers en 2019 avec une hausse de 8,71% par rapport \u00e0 2018. En 2020, le trafic int\u00e9rieur de l\u2019a\u00e9roport a accus\u00e9 une baisse de l\u2019ordre de 64,62% par rapport \u00e0 l\u2019ann\u00e9e 2019, sous l\u2019effet de la crise sanitaire Covid-19.\u00a0<\/p>\n<p><strong>Lire aussi| <a href=\"https:\/\/www.challenge.ma\/coronavirus-le-vaccin-reduit-de-87-le-risque-detre-hospitalise-chez-les-plus-de-75-ans-185388\/\">Coronavirus : le vaccin r\u00e9duit de 87% le risque d\u2019\u00eatre hospitalis\u00e9 chez les plus de 75 ans<\/a><\/strong><\/p>\n<p>Auteur: challenge<br \/>\n<a href=\"https:\/\/www.challenge.ma\/aeroport-mohammed-v-le-nouveau-terminal-dedie-aux-vols-interieurs-est-operationnel-185427\/\">Cliquez ici pour lire l&rsquo;article depuis sa source.<\/a><\/p>\n","protected":false},"excerpt":{"rendered":"<p>Un nouveau terminal d\u00e9di\u00e9 aux vols int\u00e9rieur a ouvert ses portes \u00e0 l\u2019a\u00e9roport Casablanca Mohammed V.\u00a0Ayant n\u00e9cessit\u00e9 un investissement de de 95,25 millions de DH, cette nouvelle infrastructure a pour objectifs, entre autres, la s\u00e9paration des flux des passagers des vols internationaux et int\u00e9rieurs et l\u2019augmentation de la capacit\u00e9 d\u2019accueil des passagers des vols int\u00e9rieurs. [&hellip;]<\/p>\n","protected":false},"author":1787,"featured_media":0,"comment_status":"closed","ping_status":"closed","sticky":false,"template":"","format":"standard","meta":{"fifu_image_url":"","fifu_image_alt":"","footnotes":""},"categories":[78,54],"tags":[],"class_list":["post-117260","post","type-post","status-publish","format-standard","hentry","category-economie","category-maroc"],"_links":{"self":[{"href":"https:\/\/linitiative.ca\/International\/wp-json\/wp\/v2\/posts\/117260","targetHints":{"allow":["GET"]}}],"collection":[{"href":"https:\/\/linitiative.ca\/International\/wp-json\/wp\/v2\/posts"}],"about":[{"href":"https:\/\/linitiative.ca\/International\/wp-json\/wp\/v2\/types\/post"}],"author":[{"embeddable":true,"href":"https:\/\/linitiative.ca\/International\/wp-json\/wp\/v2\/users\/1787"}],"replies":[{"embeddable":true,"href":"https:\/\/linitiative.ca\/International\/wp-json\/wp\/v2\/comments?post=117260"}],"version-history":[{"count":0,"href":"https:\/\/linitiative.ca\/International\/wp-json\/wp\/v2\/posts\/117260\/revisions"}],"wp:attachment":[{"href":"https:\/\/linitiative.ca\/International\/wp-json\/wp\/v2\/media?parent=117260"}],"wp:term":[{"taxonomy":"category","embeddable":true,"href":"https:\/\/linitiative.ca\/International\/wp-json\/wp\/v2\/categories?post=117260"},{"taxonomy":"post_tag","embeddable":true,"href":"https:\/\/linitiative.ca\/International\/wp-json\/wp\/v2\/tags?post=117260"}],"curies":[{"name":"wp","href":"https:\/\/api.w.org\/{rel}","templated":true}]}}