{"id":117261,"date":"2021-05-23T08:52:08","date_gmt":"2021-05-23T12:52:08","guid":{"rendered":"https:\/\/linitiative.ca\/International\/les-professionnels-du-tourisme-poussent-pour-la-reouverture-des-frontieres\/"},"modified":"2021-05-23T08:52:08","modified_gmt":"2021-05-23T12:52:08","slug":"les-professionnels-du-tourisme-poussent-pour-la-reouverture-des-frontieres","status":"publish","type":"post","link":"https:\/\/linitiative.ca\/International\/les-professionnels-du-tourisme-poussent-pour-la-reouverture-des-frontieres\/","title":{"rendered":"Les professionnels du tourisme poussent pour la r\u00e9ouverture des fronti\u00e8res"},"content":{"rendered":"<p><strong>Les op\u00e9rateurs touristiques sont dans l\u2019expectative et manquent de visibilit\u00e9 alors que toutes les destinations concurrentes sont \u00e0 pied d\u2019\u0153uvre pour la campagne d\u2019\u00e9t\u00e9 en communiquant sur l\u2019ouverture de leurs fronti\u00e8res. Certains pays ont annonc\u00e9 qu\u2019ils accueilleront les touristes vaccin\u00e9s sans condition d\u00e8s cet \u00e9t\u00e9. La Conf\u00e9d\u00e9ration nationale du tourisme (CNT) s\u2019appr\u00eate \u00e0 faire une sortie pour plaider pour une lev\u00e9e des restrictions aux voyages au niveau national et international.<\/strong><\/p>\n<div class=\"c10\">\n<\/div>\n<p>Les professionnels du tourisme n\u2019en peuvent plus. La Conf\u00e9d\u00e9ration nationale du tourisme (CNT) va organiser mercredi, 26 mai, \u00e0 Casablanca une conf\u00e9rence de presse sur les restrictions aux voyages au niveau national et international, qui affectent leur secteur. Contact\u00e9 pour avoir plus de d\u00e9tails sur l\u2019ordre du jour de cette rencontre, Abdellatif Kabbaj, Pr\u00e9sident de la CNT, ne souhaite pas aborder la question, pr\u00e9f\u00e9rant donner rendez-vous \u00e0 mercredi prochain. Mais certains membres du bureau de la conf\u00e9d\u00e9ration, leur secteur a besoin de visibilit\u00e9 quant \u00e0 la lev\u00e9e des restrictions li\u00e9es \u00e0 l\u2019accessibilit\u00e9 de la destination Maroc et \u00e0 la mobilit\u00e9 \u00e0 l\u2019int\u00e9rieur du pays. Car, selon eux, tout se joue maintenant, et il ne faut pas perdre de temps pour pouvoir sauver les meubles. \u00ab\u00a0Toutes les destinations touristiques concurrentes sont \u00e0 pied d\u2019\u0153uvre pour la pr\u00e9paration de l\u2019\u00e9t\u00e9 en communiquant d\u2019abord sur l\u2019ouverture de leurs fronti\u00e8res\u00a0\u00bb, pr\u00e9cise un membre de la CNT, qui appelle les autorit\u00e9s \u00e0 faire, urgemment, preuve de r\u00e9activit\u00e9. Pour cet autre membre de l\u2019organisation, \u00ab\u00a0le Maroc qui a bien r\u00e9ussi sa campagne de vaccination, risque de rater le coche des vacances d\u2019\u00e9t\u00e9 de la client\u00e8le europ\u00e9enne, ce qui serait synonyme d\u2019une deuxi\u00e8me ann\u00e9e blanche\u00a0\u00bb.<\/p>\n<p><strong>Lire aussi| <a href=\"https:\/\/www.challenge.ma\/aeroport-mohammed-v-le-nouveau-terminal-dedie-aux-vols-interieurs-est-operationnel-185427\/\">A\u00e9roport Mohammed V : le nouveau terminal d\u00e9di\u00e9 aux vols int\u00e9rieurs est op\u00e9rationnel<\/a><\/strong><\/p>\n<p>Il faut dire qu\u2019un sentiment d\u2019impuissance semble s\u2019emparer de plusieurs professionnels qui assistent \u00e0 un positionnement des destinations concurrentes, particuli\u00e8rement m\u00e9diterran\u00e9ennes, en programmant leurs march\u00e9s. En effet, certains pays, comme l\u2019Espagne ou encore la France, ont annonc\u00e9 qu\u2019ils accueilleront les touristes vaccin\u00e9s sans condition d\u00e8s cet \u00e9t\u00e9. Par exemple, depuis le 30 mars 2021, les autorit\u00e9s marocaines ont d\u00e9cid\u00e9 de suspendre, dans les deux sens, la totalit\u00e9 des liaisons a\u00e9riennes entre le Maroc et la France, premier march\u00e9 \u00e9metteur de touristes vers le Royaume. Les liaisons maritimes sont \u00e9galement suspendues jusqu\u2019\u00e0 nouvel ordre.<\/p>\n<p><strong>12 milliards de DH de perte en l\u2019espace de trois mois<\/strong><\/p>\n<p>En l\u2019espace de trois mois, le secteur marocain du tourisme a perdu pr\u00e8s de 12 milliards de DH. En effet, selon la Direction des \u00e9tudes et des pr\u00e9visions financi\u00e8res (DEPF) relevant du minist\u00e8re de l\u2019\u00c9conomie, des finances et de la r\u00e9forme de l\u2019administration, les recettes touristiques ont accus\u00e9 un retrait de 69,1% au cours du premier trimestre 2021, soit une perte de 11,9 milliards de DH. \u00ab\u00a0Au cours du premier trimestre 2021, l\u2019\u00e9volution des indicateurs du secteur touristique a \u00e9t\u00e9 affect\u00e9 par le renforcement des restrictions aux trafics a\u00e9rien et maritime de passagers apr\u00e8s un assouplissement au quatri\u00e8me 2020 et ce, suite au d\u00e9veloppement de nouveaux variants de la Covid-19 et \u00e0 l\u2019aggravation de la situation sanitaire chez nos principaux partenaires, particuli\u00e8rement, en Europe\u00a0\u00bb, explique la DEPF dans sa note de conjoncture du mois de mai 2021.\u00a0<\/p>\n<p><strong>Lire aussi| <a href=\"https:\/\/www.challenge.ma\/espagne-les-ambassadeurs-espagnols-en-europe-sommes-de-contrer-loffensive-diplomatique-du-maroc-185421\/\">Espagne : les ambassadeurs espagnols en Europe somm\u00e9s de contrer l\u2019offensive diplomatique du Maroc<\/a><\/strong><\/p>\n<p>Par ailleurs, au terme des deux premiers mois de cette ann\u00e9e, les arriv\u00e9es touristiques au Maroc se sont repli\u00e9es de 81,5% (-91,9% pour les touristes \u00e9trangers et -65,4% pour les MRE) et les nuit\u00e9es ont recul\u00e9 de 78,1% (-92,3% pour les non-r\u00e9sidents et -43,8% pour les r\u00e9sidents), fait savoir la m\u00eame source.\u00a0 Toutefois, cette \u00e9volution pourrait s\u2019am\u00e9liorer au deuxi\u00e8me semestre de l\u2019ann\u00e9e 2021 au vu du bon d\u00e9ploiement de la campagne de vaccination contre la covid-19, mais devrait \u00eatre tributaire de l\u2019\u00e9volution du niveau de lev\u00e9es des restrictions aux voyages au niveau national et international et de l\u2019\u00e9volution des nouveaux variants de la covid-19, rel\u00e8ve la DEPF, notant que selon le classement du 17 mai dernier du sp\u00e9cialiste en ligne de voyages \u00ab\u00a0Tourlane\u00a0\u00bb, le Maroc a \u00e9t\u00e9 plac\u00e9 quatri\u00e8me parmi les lieux les plus s\u00fbrs o\u00f9 voyager dans le contexte de la Covid-19, apr\u00e8s avoir \u00e9t\u00e9 class\u00e9 9\u00e8me \u00e0 la mi-f\u00e9vrier, deux semaines apr\u00e8s le d\u00e9but de la campagne vaccinale.<\/p>\n<p><strong>Lire aussi|<a href=\"https:\/\/www.challenge.ma\/tebboune-agonise-une-algerie-en-pleine-recession-economique-par-mehdi-hijaouy-185273\/\">Tebboune agonise : une Alg\u00e9rie en pleine r\u00e9cession \u00e9conomique [par Mehdi Hijaouy]<\/a><\/strong><\/p>\n<p>Auteur: Adama Sylla<br \/>\n<a href=\"https:\/\/www.challenge.ma\/les-professionnels-du-tourisme-poussent-pour-la-reouverture-des-frontieres-185434\/\">Cliquez ici pour lire l&rsquo;article depuis sa source.<\/a><\/p>\n","protected":false},"excerpt":{"rendered":"<p>Les op\u00e9rateurs touristiques sont dans l\u2019expectative et manquent de visibilit\u00e9 alors que toutes les destinations concurrentes sont \u00e0 pied d\u2019\u0153uvre pour la campagne d\u2019\u00e9t\u00e9 en communiquant sur l\u2019ouverture de leurs fronti\u00e8res. Certains pays ont annonc\u00e9 qu\u2019ils accueilleront les touristes vaccin\u00e9s sans condition d\u00e8s cet \u00e9t\u00e9. La Conf\u00e9d\u00e9ration nationale du tourisme (CNT) s\u2019appr\u00eate \u00e0 faire une [&hellip;]<\/p>\n","protected":false},"author":1787,"featured_media":0,"comment_status":"closed","ping_status":"closed","sticky":false,"template":"","format":"standard","meta":{"fifu_image_url":"","fifu_image_alt":"","footnotes":""},"categories":[78,54],"tags":[],"class_list":["post-117261","post","type-post","status-publish","format-standard","hentry","category-economie","category-maroc"],"_links":{"self":[{"href":"https:\/\/linitiative.ca\/International\/wp-json\/wp\/v2\/posts\/117261","targetHints":{"allow":["GET"]}}],"collection":[{"href":"https:\/\/linitiative.ca\/International\/wp-json\/wp\/v2\/posts"}],"about":[{"href":"https:\/\/linitiative.ca\/International\/wp-json\/wp\/v2\/types\/post"}],"author":[{"embeddable":true,"href":"https:\/\/linitiative.ca\/International\/wp-json\/wp\/v2\/users\/1787"}],"replies":[{"embeddable":true,"href":"https:\/\/linitiative.ca\/International\/wp-json\/wp\/v2\/comments?post=117261"}],"version-history":[{"count":0,"href":"https:\/\/linitiative.ca\/International\/wp-json\/wp\/v2\/posts\/117261\/revisions"}],"wp:attachment":[{"href":"https:\/\/linitiative.ca\/International\/wp-json\/wp\/v2\/media?parent=117261"}],"wp:term":[{"taxonomy":"category","embeddable":true,"href":"https:\/\/linitiative.ca\/International\/wp-json\/wp\/v2\/categories?post=117261"},{"taxonomy":"post_tag","embeddable":true,"href":"https:\/\/linitiative.ca\/International\/wp-json\/wp\/v2\/tags?post=117261"}],"curies":[{"name":"wp","href":"https:\/\/api.w.org\/{rel}","templated":true}]}}