{"id":117269,"date":"2021-05-23T15:04:45","date_gmt":"2021-05-23T19:04:45","guid":{"rendered":"https:\/\/linitiative.ca\/International\/investiture-de-patrice-talon\/"},"modified":"2021-05-23T15:04:45","modified_gmt":"2021-05-23T19:04:45","slug":"investiture-de-patrice-talon","status":"publish","type":"post","link":"https:\/\/linitiative.ca\/International\/investiture-de-patrice-talon\/","title":{"rendered":"INVESTITURE DE PATRICE TALON"},"content":{"rendered":"<p class=\"c4\"><em>Les projecteurs \u00e9taient braqu\u00e9s hier, 23 mai 2021, sur le stade Charles De Gaulle de Porto-Novo, pour l\u2019investiture de Patrice Talon, port\u00e9 \u00e0 la t\u00eate du B\u00e9nin pour la deuxi\u00e8me et en principe derni\u00e8re fois \u00e0 l\u2019issue du scrutin pr\u00e9sidentiel du 11 avril dernier. Au cours de la c\u00e9r\u00e9monie de prestation de serment qu\u2019il a voulue sobre pour des raisons sanitaire et s\u00e9curitaire, l\u2019actuel locataire du palais de la Marina a prononc\u00e9 un discours appelant \u00e0 l\u2019union de tous les B\u00e9ninois dans la lutte sans merci qu\u2019il a engag\u00e9e contre la corruption, la mal gouvernance et les in\u00e9galit\u00e9s sociales depuis qu\u2019il est arriv\u00e9 au pouvoir en 2016. Reste \u00e0 savoir si cet appel sera entendu, notamment par ses adversaires politiques dont certains comme Louis Tanhoundji, Valentin Dj\u00e8nontin,\u00a0 Komi Koutch\u00e9, S\u00e9bastien Ajavon et R\u00e9ckya Madougou sont soit en exil, soit en prison ou dans le collimateur de la justice. M\u00eame les anciens chefs d\u2019Etat b\u00e9ninois, Thomas Boni Yayi et Nic\u00e9phore Soglo, ont snob\u00e9 la c\u00e9r\u00e9monie et l\u2019absence remarqu\u00e9e de ces personnalit\u00e9s de premier plan, pourrait \u00eatre le signe ou l\u2019expression d\u2019une col\u00e8re diffuse, annonciatrice d\u2019une p\u00e9riode d\u2019intranquilit\u00e9 politique pour le B\u00e9nin.<\/em><\/p>\n<p class=\"c4\"><em>\u00a0<\/em><\/p>\n<p class=\"c6\"><strong><em>On esp\u00e8re qu\u2019il a tir\u00e9 le\u00e7on de ses propres d\u00e9rives autoritaires<\/em><\/strong><\/p>\n<p class=\"c4\"><em>\u00a0<\/em><\/p>\n<p class=\"c4\"><em>Mais Patrice Talon, dont on dit qu\u2019il est \u00e0 la fois hautain et autiste, n\u2019en a cure\u00a0; lui qui n\u2019a m\u00eame pas daign\u00e9 inviter ses pairs comme il est de coutume, \u00e0 cette c\u00e9r\u00e9monie qui marque le d\u00e9but de son deuxi\u00e8me mandat. Le pr\u00e9sident b\u00e9ninois en veut en effet \u00e0 certains de ses pairs \u00e0 cause de leur soutien suppos\u00e9 ou r\u00e9el \u00e0 son opposition politique, et pour ne pas faire de vagues en invitant certains tout en en ignorant d\u2019autres, il a pr\u00e9f\u00e9r\u00e9 tout simplement les \u00ab\u00a0zapper\u00a0\u00bb tous. Ce n\u2019est peut-\u00eatre pas du diplomatiquement correct mais pour le natif de Ouidah, le plus important, c\u2019est de raccommoder au plus vite le tissu politique qu\u2019il a transform\u00e9\u00a0 en lambeaux en r\u00e9glant ses comptes et en ostracisant ses rivaux sous le couvert de la lutte contre la corruption et la mauvaise gouvernance. Les arrestations arbitraires, les poursuites judiciaires \u00e0 g\u00e9om\u00e9trie variable, l\u2019interdiction du droit de gr\u00e8ve dans la Fonction publique, l\u2019attribution massive de march\u00e9s publics \u00e0 son entourage quand ce n\u2019est pas \u00e0 sa propre holding familiale, la \u2018\u2019talonisation\u2019\u2019 de l\u2019Assembl\u00e9e nationale\u00a0 avec quasiment 100% des d\u00e9put\u00e9s acquis \u00e0 sa cause, ont \u00e9t\u00e9 les taches noires du r\u00e9gime de celui qui a incarn\u00e9 beaucoup d\u2019espoirs \u00e0 son accession au pouvoir, et qui ont conduit aux violentes manifestations avant, pendant et apr\u00e8s le scrutin du 11 avril. On esp\u00e8re qu\u2019il a tir\u00e9 le\u00e7on de ses propres d\u00e9rives autoritaires et surtout, des cons\u00e9quences qui pourraient en d\u00e9couler sur le plus social sur lequel il a mis un accent particulier dans son discours. C\u2019est vrai qu\u2019en embastillant ses opposants les plus g\u00eanants et en contraignant d\u2019autres \u00e0 l\u2019exil, il peut commettre l\u2019erreur fatale de penser que tout lui est d\u00e9sormais permis, y compris la r\u00e9vision de la Constitution afin de lui permettre de briguer un \u00a0troisi\u00e8me mandat en 2026. Ce n\u2019est en tout cas pas son discours d\u2019investiture dans lequel il a accord\u00e9 tr\u00e8s peu de place au dialogue politique et \u00e0 la r\u00e9conciliation nationale, qui va rassurer les uns et les autres sur sa volont\u00e9 de ne pas franchir le Rubicond de la b\u00eatise politique en sautant le verrou de la limitation des mandats.<\/em><\/p>\n<p class=\"c4\"><em>\u00a0<\/em><\/p>\n<p class=\"c6\"><strong><em>Les thurif\u00e9raires du r\u00e9gime mettent le deuxi\u00e8me mandat sur la mauvaise piste<\/em><\/strong><\/p>\n<p class=\"c4\"><em>\u00a0<\/em><\/p>\n<p class=\"c4\"><em>Car, si l\u2019opposition politique susceptible de le contrarier est aujourd\u2019hui en miettes, il reste l\u2019inconnue de la rue qui peut, \u00e0 tout moment, s\u2019enflammer et demander \u00e0 ce fils de cheminot et premi\u00e8re fortune du B\u00e9nin, de d\u00e9gager. Il doit se rendre \u00e0 l\u2019\u00e9vidence que le succ\u00e8s macro\u00e9conomique dont il se pr\u00e9vaut pour \u2018\u2019jongler\u2019\u2019 avec les r\u00e8gles d\u00e9mocratiques, ne lui sera pas d\u2019un grand secours quand le volcan social va entrer en \u00e9ruption. C\u2019est vrai que tout est jusqu\u2019ici accompli selon ses v\u0153ux, mais il doit savoir que le discours de businessman ax\u00e9 sur la lutte contre l\u2019affairisme, le n\u00e9potisme et l\u2019immobilisme \u00e9conomique\u00a0 qu\u2019il a prononc\u00e9 hier, a ses limites, surtout s\u2019il n\u2019est pas accompagn\u00e9 de d\u00e9cisions fortes, notamment dans le cadre de la d\u00e9crispation de la sc\u00e8ne politique. Et c\u2019est pour conjurer le sort que les catholiques du B\u00e9nin ont, \u00e0 la fin de leur conf\u00e9rence \u00e9piscopale organis\u00e9e du 18 au 20 mai dernier, attir\u00e9 l\u2019attention du pr\u00e9sident Talon sur les dangers de \u00ab\u00a0la fracture sociale \u00e9vidente\u00a0\u00bb et l\u2019ont invit\u00e9 \u00e0 instaurer le dialogue et la r\u00e9conciliation entre les B\u00e9ninois. Les thurif\u00e9raires du r\u00e9gime qui claironnent qu\u2019il n\u2019y aura pas de discussion \u00ab\u00a0avec les terroristes\u00a0\u00bb de l\u2019opposition, doivent savoir qu\u2019avec ces propos politiquement incongrus, ils mettent le deuxi\u00e8me mandat qui vient d\u2019\u00eatre entam\u00e9, sur la mauvaise piste avec le risque \u00e9norme de d\u00e9stabiliser le pays et de le rendre davantage vuln\u00e9rable aux attaques des islamistes qui ont d\u00e9j\u00e0 sa partie septentrionale en ligne de mire, exactement comme ce qui s\u2019est pass\u00e9 au Mali en 2012. \u00a0<\/em><\/p>\n<p class=\"c4\"><em>\u00a0<\/em><\/p>\n<p class=\"c6\"><strong><em>\u00ab\u00a0Le Pays\u00a0\u00bb<\/em><\/strong><\/p>\n<p>Auteur: Editions LEPAYS<br \/>\n<a href=\"https:\/\/lepays.bf\/investiture-de-patrice-talon\/\">Cliquez ici pour lire l&rsquo;article depuis sa source.<\/a><\/p>\n","protected":false},"excerpt":{"rendered":"<p>Les projecteurs \u00e9taient braqu\u00e9s hier, 23 mai 2021, sur le stade Charles De Gaulle de Porto-Novo, pour l\u2019investiture de Patrice Talon, port\u00e9 \u00e0 la t\u00eate du B\u00e9nin pour la deuxi\u00e8me et en principe derni\u00e8re fois \u00e0 l\u2019issue du scrutin pr\u00e9sidentiel du 11 avril dernier. Au cours de la c\u00e9r\u00e9monie de prestation de serment qu\u2019il a [&hellip;]<\/p>\n","protected":false},"author":1813,"featured_media":0,"comment_status":"closed","ping_status":"closed","sticky":false,"template":"","format":"standard","meta":{"fifu_image_url":"","fifu_image_alt":"","footnotes":""},"categories":[73,81],"tags":[],"class_list":["post-117269","post","type-post","status-publish","format-standard","hentry","category-actualite","category-burkina-faso"],"_links":{"self":[{"href":"https:\/\/linitiative.ca\/International\/wp-json\/wp\/v2\/posts\/117269","targetHints":{"allow":["GET"]}}],"collection":[{"href":"https:\/\/linitiative.ca\/International\/wp-json\/wp\/v2\/posts"}],"about":[{"href":"https:\/\/linitiative.ca\/International\/wp-json\/wp\/v2\/types\/post"}],"author":[{"embeddable":true,"href":"https:\/\/linitiative.ca\/International\/wp-json\/wp\/v2\/users\/1813"}],"replies":[{"embeddable":true,"href":"https:\/\/linitiative.ca\/International\/wp-json\/wp\/v2\/comments?post=117269"}],"version-history":[{"count":0,"href":"https:\/\/linitiative.ca\/International\/wp-json\/wp\/v2\/posts\/117269\/revisions"}],"wp:attachment":[{"href":"https:\/\/linitiative.ca\/International\/wp-json\/wp\/v2\/media?parent=117269"}],"wp:term":[{"taxonomy":"category","embeddable":true,"href":"https:\/\/linitiative.ca\/International\/wp-json\/wp\/v2\/categories?post=117269"},{"taxonomy":"post_tag","embeddable":true,"href":"https:\/\/linitiative.ca\/International\/wp-json\/wp\/v2\/tags?post=117269"}],"curies":[{"name":"wp","href":"https:\/\/api.w.org\/{rel}","templated":true}]}}