{"id":117270,"date":"2021-05-23T15:08:00","date_gmt":"2021-05-23T19:08:00","guid":{"rendered":"https:\/\/linitiative.ca\/International\/enieme-annonce-de-la-mort-de-shekau\/"},"modified":"2021-05-23T15:08:00","modified_gmt":"2021-05-23T19:08:00","slug":"enieme-annonce-de-la-mort-de-shekau","status":"publish","type":"post","link":"https:\/\/linitiative.ca\/International\/enieme-annonce-de-la-mort-de-shekau\/","title":{"rendered":"ENIEME ANNONCE DE LA MORT DE SHEKAU"},"content":{"rendered":"<p class=\"c4\"><em>Cinq jours apr\u00e8s les affrontements qui ont oppos\u00e9 les deux groupes dissidents de Boko Haram, dans la for\u00eat de Sambisa, des zones d\u2019ombres demeurent sur le sort du leader de cette organisation islamique, Abubakar Shekau.\u00a0 Est-il bless\u00e9 ou mort\u00a0? Difficile pour l\u2019heure d\u2019y r\u00e9pondre avec certitude. Ce d\u2019autant que ni le gouvernement nig\u00e9rian, ni l\u2019ISWAP, encore moins Boko Haram, n\u2019ont confirm\u00e9 ou infirm\u00e9 la mort de cet homme dont la cruaut\u00e9 suscite r\u00e9probation et indignation m\u00eame au sein de son organisation. C\u2019est dire s\u2019il faut prendre l\u2019information avec des pincettes. La prudence doit \u00eatre d\u2019autant plus de mise que c\u2019est la \u00e9ni\u00e8me fois que Shekau est donn\u00e9 pour mort au combat. Mais \u00e0 chaque fois, tel un ph\u00e9nix qui rena\u00eet de ses cendres, l\u2019homme est r\u00e9apparu pour \u00e9courter la joie de ses adversaires. Qu\u2019il d\u00e9mente donc encore s\u2019il peut\u00a0! En tout cas, ce serait la seule mani\u00e8re pour lui de prouver qu\u2019il est encore en vie. En attendant confirmation, Shekau se serait donn\u00e9 la mort comme Abou Bakr-al Baghdadi, l\u2019ex-leader du groupe Etat islamique. Dans ce cas, il n\u2019est pas mort en martyr, et donc, il a peur d\u2019\u00eatre tu\u00e9. Cela confirme l\u2019adage selon lequel \u00ab\u00a0le bourreau a peur du gourdin\u00a0\u00bb. Cela dit, en attendant que d\u2019autres informations nous situent davantage sur le sort de Shekau, les populations lass\u00e9es par les atrocit\u00e9s commises par cet homme et sa bande de criminels, auraient souhait\u00e9 que sa mort soit av\u00e9r\u00e9e. Ce serait un ouf de soulagement pour ces populations qui souffrent le martyre depuis plus d\u2019une d\u00e9cennie, si la mort de Shekau venait \u00e0 \u00eatre confirm\u00e9e. Le Nigeria, et c\u2019est peu de le dire, se serait ainsi d\u00e9barrass\u00e9 de son pire ennemi. En fait, en une d\u00e9cennie, les attaques de Boko Haram et de l\u2019ISWAP auraient fait pr\u00e8s de quarante mille morts et deux millions de d\u00e9plac\u00e9s.<\/em><\/p>\n<p class=\"c4\"><em>\u00a0<\/em><\/p>\n<p class=\"c6\"><strong><em>La mort d\u2019Abubakar Shekau ne mettra pas fin aux attaques terroristes au Nigeria<\/em><\/strong><\/p>\n<p class=\"c4\"><em>\u00a0<\/em><\/p>\n<p class=\"c4\"><em>La cruaut\u00e9 de Shekau, et c\u2019est un euph\u00e9misme, n\u2019a pas de limite. Utilisation d\u2019enfants kamikazes, kidnapping de lyc\u00e9ens, bref, pour ce sanguinaire, la fin justifie les moyens. Qu\u2019il soit mort ou vivant, il restera, aux yeux des Nig\u00e9rians voire au-del\u00e0, ce chacal de la for\u00eat de Sambisa qui se compla\u00eet \u00e0 d\u00e9vorer tout sur son passage y compris les \u00eatres les plus faibles tels les enfants qu\u2019il utilise \u00e0 des fins criminelles. On se rappelle encore ce kidnapping des jeunes filles de Chibok dont certaines avaient \u00e9t\u00e9 mari\u00e9es de force, d\u2019autres utilis\u00e9es comme esclaves sexuelles tandis que les moins chanceuses avaient servi de kamikazes. La mort d\u2019un tel individu ne pourrait que constituer une \u00e9pine en moins dans le pied du pr\u00e9sident Muhammadu Buhari qui avait promis d\u2019en finir avec son mouvement en 90 jours, s\u2019il acc\u00e9dait au pouvoir. Ce serait \u00e9galement un poison de moins pour les populations, surtout celles du Nord du Nigeria, qui ne savent plus \u00e0 quel saint se vouer. Toutefois, tout laisse croire que m\u00eame si elle venait \u00e0 \u00eatre confirm\u00e9e, la mort d\u2019Abubakar Shekau ne mettrait pas fin aux attaques terroristes au Nigeria. Telle une hydre, l\u2019organisation islamique, m\u00eame d\u00e9capit\u00e9e, poussera \u00e0 coup s\u00fbr une autre t\u00eate. A preuve, la mort, en 2009, du fondateur du mouvement insurg\u00e9, Mohamed Yusuf, n\u2019a pas fait dispara\u00eetre l\u2019organisation criminelle. Bien au contraire, pass\u00e9e l\u2019\u00e9tape du deuil, elle a repris du poil de la b\u00eate avec, \u00e0 sa t\u00eate, Abubakar Shekau. C\u2019est dire si le successeur de ce dernier, pourrait \u00eatre tent\u00e9 de suivre ses pas. Il n\u2019emp\u00eache que les autorit\u00e9s nig\u00e9rianes gagneraient \u00e0 v\u00e9rifier rapidement la v\u00e9racit\u00e9 de la mort de Shekua. C\u2019est d\u2019autant plus n\u00e9cessaire que m\u00eame si cette disparition ne mettait pas fin aux souffrances des populations, elle pourrait scier le moral de certains combattants et partant, les rendre moins actifs. On est d\u2019autant plus fond\u00e9 \u00e0 le penser que l\u2019unit\u00e9 qui constituait l\u2019une des forces de ce mouvement, a foutu le camp. En tout cas, c\u2019est un secret de Polichinelle que Boko Haram a mal \u00e0 sa coh\u00e9sion. Mieux, le mouvement dissident, l\u2019ISWAP qui serait \u00e0 l\u2019origine de la mort de Shekua, n\u2019est autre que la branche mod\u00e9r\u00e9e dudit groupe terroriste. \u00a0C\u2019est dire si la lutte pourrait prendre une autre forme d\u2019autant que la cible privil\u00e9gi\u00e9e de l\u2019ISWAP n\u2019est pas la population civile mais plut\u00f4t l\u2019arm\u00e9e.<\/em><\/p>\n<p class=\"c4\"><em>\u00a0<\/em><\/p>\n<p class=\"c6\"><strong><em>Dabadi ZOUMBARA<\/em><\/strong><\/p>\n<p>Auteur: Editions LEPAYS<br \/>\n<a href=\"https:\/\/lepays.bf\/enieme-annonce-de-la-mort-de-shekau\/\">Cliquez ici pour lire l&rsquo;article depuis sa source.<\/a><\/p>\n","protected":false},"excerpt":{"rendered":"<p>Cinq jours apr\u00e8s les affrontements qui ont oppos\u00e9 les deux groupes dissidents de Boko Haram, dans la for\u00eat de Sambisa, des zones d\u2019ombres demeurent sur le sort du leader de cette organisation islamique, Abubakar Shekau.\u00a0 Est-il bless\u00e9 ou mort\u00a0? Difficile pour l\u2019heure d\u2019y r\u00e9pondre avec certitude. Ce d\u2019autant que ni le gouvernement nig\u00e9rian, ni l\u2019ISWAP, [&hellip;]<\/p>\n","protected":false},"author":1813,"featured_media":0,"comment_status":"closed","ping_status":"closed","sticky":false,"template":"","format":"standard","meta":{"fifu_image_url":"","fifu_image_alt":"","footnotes":""},"categories":[73,81],"tags":[],"class_list":["post-117270","post","type-post","status-publish","format-standard","hentry","category-actualite","category-burkina-faso"],"_links":{"self":[{"href":"https:\/\/linitiative.ca\/International\/wp-json\/wp\/v2\/posts\/117270","targetHints":{"allow":["GET"]}}],"collection":[{"href":"https:\/\/linitiative.ca\/International\/wp-json\/wp\/v2\/posts"}],"about":[{"href":"https:\/\/linitiative.ca\/International\/wp-json\/wp\/v2\/types\/post"}],"author":[{"embeddable":true,"href":"https:\/\/linitiative.ca\/International\/wp-json\/wp\/v2\/users\/1813"}],"replies":[{"embeddable":true,"href":"https:\/\/linitiative.ca\/International\/wp-json\/wp\/v2\/comments?post=117270"}],"version-history":[{"count":0,"href":"https:\/\/linitiative.ca\/International\/wp-json\/wp\/v2\/posts\/117270\/revisions"}],"wp:attachment":[{"href":"https:\/\/linitiative.ca\/International\/wp-json\/wp\/v2\/media?parent=117270"}],"wp:term":[{"taxonomy":"category","embeddable":true,"href":"https:\/\/linitiative.ca\/International\/wp-json\/wp\/v2\/categories?post=117270"},{"taxonomy":"post_tag","embeddable":true,"href":"https:\/\/linitiative.ca\/International\/wp-json\/wp\/v2\/tags?post=117270"}],"curies":[{"name":"wp","href":"https:\/\/api.w.org\/{rel}","templated":true}]}}