{"id":117272,"date":"2021-05-23T01:48:40","date_gmt":"2021-05-23T05:48:40","guid":{"rendered":"https:\/\/linitiative.ca\/International\/cameroun-celestin-tawamba-les-chefs-dentreprises-ne-cachent-pas-leur-perplexite-et-leur-scepticisme-au-sujet-de-la-reconstruction-des-regions-anglophones\/"},"modified":"2021-05-23T01:48:40","modified_gmt":"2021-05-23T05:48:40","slug":"cameroun-celestin-tawamba-les-chefs-dentreprises-ne-cachent-pas-leur-perplexite-et-leur-scepticisme-au-sujet-de-la-reconstruction-des-regions-anglophones","status":"publish","type":"post","link":"https:\/\/linitiative.ca\/International\/cameroun-celestin-tawamba-les-chefs-dentreprises-ne-cachent-pas-leur-perplexite-et-leur-scepticisme-au-sujet-de-la-reconstruction-des-regions-anglophones\/","title":{"rendered":"Cameroun \u2013 C\u00e9lestin Tawamba : \u00ab les chefs d\u2019entreprises\u00a0ne cachent pas leur perplexit\u00e9 et leur scepticisme au sujet de la reconstruction des r\u00e9gions anglophones \u00bb\u00a0"},"content":{"rendered":"<div readability=\"32\">\n<p>Publi\u00e9 le 23.05.2021 \u00e0 06h48 par Journal du Cameroun<\/p>\n<\/div>\n<div readability=\"101\">\n<h5 class=\"c9\">Dans le cadre de la visite du Premier ministre, Joseph Dion Ngute,\u00a0 au Groupement inter-patronal du Cameroun ( GICAM) le 18 mai dernier, le pr\u00e9sident du Gicam a exprim\u00e9 les craintes du patronat, non sans affirmer sa d\u00e9termination \u00e0 accompagner la reconstruction des r\u00e9gions du Nord-Ouest et du Sud-Ouest d\u00e9truit par la guerre. Ci-dessous l\u2019attitude de C\u00e9lestin Tawamba.<\/h5>\n<p class=\"c10\">\u00ab <em>Notre conviction de chefs d\u2019entreprises est que les options s\u00e9curitaires et politiques ont trouv\u00e9 leurs limites dans le processus de r\u00e9solution du conflit arm\u00e9 dans le R\u00e9gions Nord-Ouest et Sud-Ouest du Cameroun.<\/em><\/p>\n<p class=\"c10\"><em>Le moment est donc venu de leur adjoindre une troisi\u00e8me composante : placer r\u00e9solument l\u2019\u00e9conomie au c\u0153ur des efforts nationaux visant le retour de la paix dans ces deux R\u00e9gions.<\/em><\/p>\n<p class=\"c10\"><em>Il y va de la n\u00e9cessit\u00e9 absolue de faire en sorte qu\u2019enfin, dans notre quotidien du Nord-Ouest et du Sud-Ouest, les statistiques sur le nombre de victimes soient remplac\u00e9es par les statistiques sur le nombre d\u2019emplois cr\u00e9\u00e9s ! Il faut rapidement pouvoir tronquer les armes contre des emplois.<\/em><\/p>\n<p class=\"c10\"><em>En me demandant de signifier leur soutien aux initiatives gouvernementales, les chefs d\u2019entreprises ne cachent pas leur perplexit\u00e9 et leur scepticisme.<\/em><\/p>\n<p class=\"c10\"><em>Perplexit\u00e9 parce que, ailleurs dans le monde, dans le contexte de la pand\u00e9mie du Covid-19, ce n\u2019est pas l\u2019Etat qui a besoin d\u2019un soutien du secteur priv\u00e9, c\u2019est le Gouvernement qui apporte des aides en soutien aux entreprises.<\/em><\/p>\n<p class=\"c10\"><em>Scepticisme par rapport \u00e0 l\u2019utilisation des contributions qu\u2019ils souhaitent faire, tant, par le pass\u00e9 les appels de fonds n\u2019ont pas toujours b\u00e9n\u00e9fici\u00e9 de la n\u00e9cessaire transparence dans leur gestion. Au surplus, et actualit\u00e9 oblige, les chefs d\u2019entreprises sont dans la crainte de voir leurs contributions faire l\u2019objet d\u2019un usage inappropri\u00e9.<\/em><\/p>\n<p class=\"c10\"><em>Toutefois, mus par une volont\u00e9 visc\u00e9rale de servir la paix qui reste une pr\u00e9-condition au d\u00e9veloppement des activit\u00e9s \u00e9conomiques, ils r\u00e9it\u00e8rent leur engagement \u00e0 aider et, pour ce faire, des garanties et des mesures compl\u00e9mentaires sont n\u00e9cessaires pour servir cette cause v\u00e9ritablement nationale.<\/em><\/p>\n<p class=\"c10\"><em>Il s\u2019agit notamment de :<\/em><\/p>\n<ul class=\"c13\">\n<li><em>La poursuite d\u2019un dialogue national jusqu\u2019\u00e0 l\u2019arr\u00eat des hostilit\u00e9s,<\/em><\/li>\n<li><em>La s\u00e9curisation physique des investissements,<\/em><\/li>\n<li><em>La transparence dans la gestion des fonds issus de la contribution des entreprises,<\/em><\/li>\n<li><em>La mise \u00e0 disposition de garanties de l\u2019Etat au profit du secteur financier dispos\u00e9 \u00e0 lever des pr\u00eats syndiqu\u00e9s \u00e0 taux bonifi\u00e9s au profit des entreprises dans les R\u00e9gions du Nord-Ouest et du Sud-Ouest,<\/em><\/li>\n<li><em>La r\u00e9vision de votre D\u00e9cret de septembre 2019, portant reconnaissance du statut de zone \u00e9conomiquement sinistr\u00e9e aux R\u00e9gions de l\u2019Extr\u00eame-Nord, du Nord et du Sud-Ouest, avec pour objectifs compl\u00e9mentaires de faciliter la mobilisation des contributions, et d\u2019\u00e9carter tout risque de litige fiscal dans les op\u00e9rations de soutien.<\/em><\/li>\n<\/ul>\n<p class=\"c10\"><em>A cet \u00e9gard, des propositions concr\u00e8tes pourront \u00eatre formul\u00e9es par le Patronat.<\/em><\/p>\n<p class=\"c10\"><em>Avec la mise en place de ces dispositifs, et en d\u00e9pit de leurs craintes, un bon nombre d\u2019entreprises ont d\u00e9j\u00e0 manifest\u00e9 leur int\u00e9r\u00eat \u00e0 prendre leur part dans cet \u00e9lan citoyen, et je pense que d\u2019autres feront de m\u00eame. Nous nous fixons un horizon de trois \u00e0 quatre mois pour permettre aux entreprises de concr\u00e9tiser leurs engagements.<\/em><\/p>\n<p class=\"c10\"><em>Le Premier Ministre Dion Ngute symbolise aujourd\u2019hui cette marque de confiance et de sollicitude que les chefs d\u2019entreprise esp\u00e8rent trouver aupr\u00e8s de notre partenaire privil\u00e9gi\u00e9 qu\u2019est le Gouvernement. Cette confiance, cette sollicitude, sont des ingr\u00e9dients essentiels pour l\u2019exercice serein de nos activit\u00e9s.<\/em><\/p>\n<p class=\"c10\"><em>Je lui r\u00e9it\u00e8re notre engagement \u00e0 le soutenir et travailler la main dans la main avec lui tant qu\u2019il restera aux c\u00f4t\u00e9s du secteur priv\u00e9 et prendra des mesures pour renforcer la comp\u00e9titivit\u00e9 des entreprises et du pays.<\/em><\/p>\n<p class=\"c10\"><strong>C\u00e9lestin Tawamba,<\/strong> pr\u00e9sident du GICAM<\/p>\n<\/div>\n<p>Auteur: Christian DJIMADEU<br \/>\n<a href=\"https:\/\/www.journalducameroun.com\/388308-2-cameroun\/\">Cliquez ici pour lire l&rsquo;article depuis sa source.<\/a><\/p>\n","protected":false},"excerpt":{"rendered":"<p>Publi\u00e9 le 23.05.2021 \u00e0 06h48 par Journal du Cameroun Dans le cadre de la visite du Premier ministre, Joseph Dion Ngute,\u00a0 au Groupement inter-patronal du Cameroun ( GICAM) le 18 mai dernier, le pr\u00e9sident du Gicam a exprim\u00e9 les craintes du patronat, non sans affirmer sa d\u00e9termination \u00e0 accompagner la reconstruction des r\u00e9gions du Nord-Ouest [&hellip;]<\/p>\n","protected":false},"author":1965,"featured_media":0,"comment_status":"closed","ping_status":"closed","sticky":false,"template":"","format":"standard","meta":{"fifu_image_url":"","fifu_image_alt":"","footnotes":""},"categories":[73,82],"tags":[],"class_list":["post-117272","post","type-post","status-publish","format-standard","hentry","category-actualite","category-cameroun"],"_links":{"self":[{"href":"https:\/\/linitiative.ca\/International\/wp-json\/wp\/v2\/posts\/117272","targetHints":{"allow":["GET"]}}],"collection":[{"href":"https:\/\/linitiative.ca\/International\/wp-json\/wp\/v2\/posts"}],"about":[{"href":"https:\/\/linitiative.ca\/International\/wp-json\/wp\/v2\/types\/post"}],"author":[{"embeddable":true,"href":"https:\/\/linitiative.ca\/International\/wp-json\/wp\/v2\/users\/1965"}],"replies":[{"embeddable":true,"href":"https:\/\/linitiative.ca\/International\/wp-json\/wp\/v2\/comments?post=117272"}],"version-history":[{"count":0,"href":"https:\/\/linitiative.ca\/International\/wp-json\/wp\/v2\/posts\/117272\/revisions"}],"wp:attachment":[{"href":"https:\/\/linitiative.ca\/International\/wp-json\/wp\/v2\/media?parent=117272"}],"wp:term":[{"taxonomy":"category","embeddable":true,"href":"https:\/\/linitiative.ca\/International\/wp-json\/wp\/v2\/categories?post=117272"},{"taxonomy":"post_tag","embeddable":true,"href":"https:\/\/linitiative.ca\/International\/wp-json\/wp\/v2\/tags?post=117272"}],"curies":[{"name":"wp","href":"https:\/\/api.w.org\/{rel}","templated":true}]}}