{"id":117273,"date":"2021-05-23T02:14:18","date_gmt":"2021-05-23T06:14:18","guid":{"rendered":"https:\/\/linitiative.ca\/International\/cameroun-fonds-covid-19-au-moins-cinq-ministres-iront-en-prison-selon-dieudonne-essomba\/"},"modified":"2021-05-23T02:14:18","modified_gmt":"2021-05-23T06:14:18","slug":"cameroun-fonds-covid-19-au-moins-cinq-ministres-iront-en-prison-selon-dieudonne-essomba","status":"publish","type":"post","link":"https:\/\/linitiative.ca\/International\/cameroun-fonds-covid-19-au-moins-cinq-ministres-iront-en-prison-selon-dieudonne-essomba\/","title":{"rendered":"Cameroun \u2013 fonds Covid-19 : au moins cinq ministres iront en prison selon Dieudonn\u00e9 Essomba"},"content":{"rendered":"<div readability=\"32\">\n<p>Publi\u00e9 le 23.05.2021 \u00e0 07h14 par Journal du Cameroun<\/p>\n<\/div>\n<div readability=\"141\">\n<h5>L\u2019\u00e9conomiste vient de publier une tribune \u00e0 la suite de la mouture du rapport de la Chambre des comptes de la Cour supr\u00eame, relevant de nombreuses surfacturations, collusions, et d\u00e9tournements. L\u2019ancien cadre du Minist\u0117re de L\u2019\u00c9conomie, de la planification et l\u2019am\u00e9nagement du territoire, r\u00e9it\u00e8re que le Cameroun est au bord d\u2019une grave crise financi\u00e8re qui conduira \u00e0 une baisse des salaires dans la fonction publique et \u00e0 une compression du personnel de l\u2019\u00c9tat. Trouvez ci-dessous son texte d\u2019analyse et d\u2019opinion.<\/h5>\n<p class=\"c9\">\u00ab <em>Les auditions actuelles des membres du Gouvernement ont encore drain\u00e9 les suspicions, certains les prenant pour de la poudre aux yeux pour rouler les bailleurs de fonds.<\/em><\/p>\n<p class=\"c9\"><em>Que non : au moins 5 Ministres iront en prison ! Ne vous faites aucune illusion l\u00e0-dessus !<\/em><\/p>\n<p class=\"c9\"><em>Du reste, ce n\u2019est pas la seule exigence pos\u00e9e par le FMI. Entre autres sommations pressantes, le FMI a enjoint le Gouvernement de voter imm\u00e9diatement un autre budget, en lieu et place de celui initialement adopt\u00e9 par le Parlement. Ce nouveau budget sera confectionn\u00e9 par les Fonctionnaires du FMI, et pr\u00e9sent\u00e9 \u00e0 notre Parlement pour adoption, sans que personne puisse regimber, ni enlever une virgule.<\/em><\/p>\n<p class=\"c9\"><em>Nous sommes en effet entr\u00e9s dans l\u2019ajustement structurel, o\u00f9 notre budget est d\u00e9sormais g\u00e9r\u00e9 par le FMI. Et nous n\u2019y pouvons rien, car notre paya est techniquement en cessation de paiement : il n\u2019a plus les moyens de rembourser ses dettes.<\/em><\/p>\n<p class=\"c9\"><em>Les Eurobonds et bien d\u2019autres dettes ext\u00e9rieures sont arriv\u00e9s \u00e0 expiration et nous n\u2019avons m\u00eame pas un kopeck pour honorer nos engagements. La Tr\u00e9sorerie est totalement vide et les r\u00e9serves ext\u00e9rieures n\u2019atteignent pas 2 mois, alors que la norme est de 6 mois.<\/em><\/p>\n<p class=\"c9\"><em>La crise \u00e9conomique est l\u00e0 ! Cette crise que j\u2019ai pass\u00e9 mon temps \u00e0 annoncer depuis 2010, \u00e0 tue-t\u00eate, \u00e0 tous les milieux dans tous les m\u00e9dias, elle est d\u00e9j\u00e0 l\u00e0 !<\/em><br \/><em>J\u2019ai \u00e9t\u00e9 d\u00e9savou\u00e9, moqu\u00e9 ! Tout le monde disait : \u00ab Petit haineux, depuis que tu annonces cette frise, le Cameroun va \u00e0 merveille ! \u00bb<\/em><\/p>\n<p class=\"c9\"><em>Quand j\u2019avais publi\u00e9 mon texte en annon\u00e7ant que la crise du Cameroun sera pire que le Gr\u00e8ce en 2015, j\u2019ai \u00e9t\u00e9 interpell\u00e9 et somm\u00e9 de cesser d\u2019ameuter les Camerounais\u2026<\/em><\/p>\n<p class=\"c9\"><em>Nous sommes maintenant o\u00f9 ? Le Gouvernement fait semblant d\u2019\u00eatre surpris, alors que tout se dessinait : de tr\u00e8s mauvais choix strat\u00e9giques sur le plan \u00e9conomique, une gouvernance faite de pr\u00e9dation, un ent\u00eatement \u00e0 multiplier les crises comme le probl\u00e8me anglophone qui nous saigne \u00e0 blanc\u2026 On pouvait s\u2019attendre \u00e0 quoi ?<\/em><\/p>\n<p class=\"c9\"><em>La crise est d\u00e9j\u00e0 l\u00e0, et nous allons la boire jusqu\u2019\u00e0 la lie. Une fois de plus, il y aura baisse des salaires et des compressions des effectifs dans la Fonction publique, l\u2019augmentation des prix \u00e0 la consommation, le bradage des quelques entreprises qui sont rest\u00e9es \u00e0 l\u2019Etat, et sans doute ue autre d\u00e9valuation du FCFA de la CEMAC.<\/em><br \/><em>Les Grands projets structurants de Biya seront interrompus, sa Vision d\u2019Emergence disqualifi\u00e9e et la Strat\u00e9gie Nationale de d\u00e9veloppement mise entre parenth\u00e8ses, exactement comme le furent les Plans Quinquennaux en 1987.<\/em><\/p>\n<p class=\"c9\"><em>C\u2019est cela la ran\u00e7on d\u2019une gouvernance fond\u00e9e sur l\u2019amateurisme et l\u2019imposture. Et pas question de faire la moindre t\u00eatutesse ! Ce n\u2019est pas le petit \u00ab hon hon hon \u00bb que les Camerounais font au quartier : nous devons marcher comme le demande le FMI, un point c\u2019est tout !<\/em><br \/><em>Je l\u2019ai expliqu\u00e9 \u00e0 maintes et maintes reprises : le FMI, cr\u00e9\u00e9 en 1945, est un huissier de justice et un liquidateur. Il a \u00e9t\u00e9 pour jouer un r\u00f4le d\u2019interm\u00e9diation entre un pays d\u00e9biteur et ses cr\u00e9anciers. Avant sa cr\u00e9ation, n\u2019importe quel pays avait le droit de contraindre son d\u00e9biteur \u00e0 le payer, en vendant ses citoyens comme des esclaves, en lui arrachant des pans du territoire ou ses colonies. Apr\u00e8s la premi\u00e8re Guerre Mondiale, l\u2019Allemagne fut condamn\u00e9e \u00e0 verser les r\u00e9parations, car elle \u00e9tait consid\u00e9r\u00e9e comme la responsable de cette guerre. Pour se faire payer, la France envoyaient des troupes en Allemagne, pour d\u00e9manteler des usines enti\u00e8res et les ramener \u00e0 Paris, s\u2019emparer des cargaisons de charbon et confisquer des navires allemands,. Ces actes d\u2019humiliation ont suscit\u00e9 l\u2019apparition d\u2019un certain Adolf Hitler et ses 60 Millions de morts\u2026<\/em><\/p>\n<p class=\"c9\"><em>Pour emp\u00eacher qu\u2019une telle situation ne se reproduise \u00e0 l\u2019avenir, la Communaut\u00e9 Internationale a cr\u00e9\u00e9 une sorte d\u2019huissier au niveau des Etats. Un pays n\u2019a donc plus le droit de s\u2019attaquer directement \u00e0 son d\u00e9biteur ; il doit s\u2019adresser au FMI qui se substitue au mauvais payeur. Et en contrepartie, le malheureux d\u00e9biteur doit se soumettre sans regimber au traitement inflig\u00e9 par l\u2019huissier.<\/em><\/p>\n<p class=\"c9\"><em>Ainsi, lorsque le Cameroun vendait ses entreprises, certains Camerounais soi-disant nationalistes croient que le Gouvernement le faisait express ! Pas du tout ! C\u2019\u00e9tait tout simplement une vente aux ench\u00e8res, ce que font exactement tous les huissiers ! Et quand on baissait les salaires ou on compressait, c\u2019\u00e9tait \u00e9galement une saisie de notre budget, car il fallait bien d\u00e9gager des ressources pour rembourser les dettes !<\/em><\/p>\n<p class=\"c9\"><em>Et c\u2019est exactement ce que fera encore le FMI. Et les Camerounais ne pourront absolument rien ! Les pleurs, l\u2019agitation, les manifestations et les d\u00e9nonciations ne pourront rien modifier. Car quand un huissier vient vous saisir, les pleurnicheries de votre femme ou de vos enfants ne jouent absolument aucun r\u00f4le ! D\u2019ailleurs, il se fait toujours accompagner de gendarmes arm\u00e9s et de gros bras, et si vous faites l\u2019idiot, vous allez passer la nuit dans une cellule infecte de la gendarmerie\u2026<\/em><br \/><em>Est-ce qu\u2019on rit avec vous ? \u00bb<\/em><\/p>\n<p><strong>Dieudonn\u00e9 ESSOMBA<\/strong>, \u00e9conomiste<\/p>\n<\/div>\n<p>Auteur: Christian DJIMADEU<br \/>\n<a href=\"https:\/\/www.journalducameroun.com\/cameroun-fonds-covid-19-au-moins-cinq-ministres-iront-en-prison-selon-dieudonne-essomba-cameroun\/\">Cliquez ici pour lire l&rsquo;article depuis sa source.<\/a><\/p>\n","protected":false},"excerpt":{"rendered":"<p>Publi\u00e9 le 23.05.2021 \u00e0 07h14 par Journal du Cameroun L\u2019\u00e9conomiste vient de publier une tribune \u00e0 la suite de la mouture du rapport de la Chambre des comptes de la Cour supr\u00eame, relevant de nombreuses surfacturations, collusions, et d\u00e9tournements. L\u2019ancien cadre du Minist\u0117re de L\u2019\u00c9conomie, de la planification et l\u2019am\u00e9nagement du territoire, r\u00e9it\u00e8re que le [&hellip;]<\/p>\n","protected":false},"author":1965,"featured_media":0,"comment_status":"closed","ping_status":"closed","sticky":false,"template":"","format":"standard","meta":{"fifu_image_url":"","fifu_image_alt":"","footnotes":""},"categories":[73,82],"tags":[],"class_list":["post-117273","post","type-post","status-publish","format-standard","hentry","category-actualite","category-cameroun"],"_links":{"self":[{"href":"https:\/\/linitiative.ca\/International\/wp-json\/wp\/v2\/posts\/117273","targetHints":{"allow":["GET"]}}],"collection":[{"href":"https:\/\/linitiative.ca\/International\/wp-json\/wp\/v2\/posts"}],"about":[{"href":"https:\/\/linitiative.ca\/International\/wp-json\/wp\/v2\/types\/post"}],"author":[{"embeddable":true,"href":"https:\/\/linitiative.ca\/International\/wp-json\/wp\/v2\/users\/1965"}],"replies":[{"embeddable":true,"href":"https:\/\/linitiative.ca\/International\/wp-json\/wp\/v2\/comments?post=117273"}],"version-history":[{"count":0,"href":"https:\/\/linitiative.ca\/International\/wp-json\/wp\/v2\/posts\/117273\/revisions"}],"wp:attachment":[{"href":"https:\/\/linitiative.ca\/International\/wp-json\/wp\/v2\/media?parent=117273"}],"wp:term":[{"taxonomy":"category","embeddable":true,"href":"https:\/\/linitiative.ca\/International\/wp-json\/wp\/v2\/categories?post=117273"},{"taxonomy":"post_tag","embeddable":true,"href":"https:\/\/linitiative.ca\/International\/wp-json\/wp\/v2\/tags?post=117273"}],"curies":[{"name":"wp","href":"https:\/\/api.w.org\/{rel}","templated":true}]}}