{"id":117274,"date":"2021-05-23T08:18:02","date_gmt":"2021-05-23T12:18:02","guid":{"rendered":"https:\/\/linitiative.ca\/International\/lunesco-sengage-a-soutenir-les-etats-generaux-de-leducation-en-cote-divoire\/"},"modified":"2021-05-23T08:18:02","modified_gmt":"2021-05-23T12:18:02","slug":"lunesco-sengage-a-soutenir-les-etats-generaux-de-leducation-en-cote-divoire","status":"publish","type":"post","link":"https:\/\/linitiative.ca\/International\/lunesco-sengage-a-soutenir-les-etats-generaux-de-leducation-en-cote-divoire\/","title":{"rendered":"L\u2019Unesco s\u2019engage \u00e0 soutenir les \u00e9tats g\u00e9n\u00e9raux de l\u2019\u00e9ducation en C\u00f4te d\u2019Ivoire"},"content":{"rendered":"<div readability=\"32\">\n<p>Publi\u00e9 le 23.05.2021 \u00e0 13h18 par APA News<\/p>\n<\/div>\n<div readability=\"99\">\n<p>La directrice g\u00e9n\u00e9rale adjointe de l\u2019Unesco charg\u00e9e de l\u2019Education, Stefania Giannini, a assur\u00e9 de l\u2019engagement de son institution de soutenir l\u2019Etat de C\u00f4te d\u2019Ivoire dans sa d\u00e9marche d\u2019organiser les \u00e9tats g\u00e9n\u00e9raux de l\u2019\u00e9ducation et de l\u2019alphab\u00e9tisation.<\/p>\n<p>Mme Stefania Giannini a d\u00e9clar\u00e9 que l\u2019Unesco est engag\u00e9e \u00e0 apporter l\u2019appui et l\u2019expertise n\u00e9cessaires \u00e0 la C\u00f4te d\u2019Ivoire, lors d\u2019une s\u00e9ance de travail mercredi avec la ministre ivoirienne de l\u2019\u00c9ducation nationale et de l\u2019Alphab\u00e9tisation, Mariatou Kon\u00e9, au si\u00e8ge de l\u2019organisation \u00e0 Paris. \u00a0<\/p>\n<p>Cette rencontre a port\u00e9 essentiellement sur la tenue prochaine des \u00e9tats g\u00e9n\u00e9raux de l\u2019\u00e9ducation et de l\u2019alphab\u00e9tisation en C\u00f4te d\u2019Ivoire. Saluant cette initiative, la directrice g\u00e9n\u00e9rale adjointe a soulign\u00e9 tout l\u2019int\u00e9r\u00eat qu\u2019accorde son institution \u00e0 ces assises.<\/p>\n<p>La ministre de l\u2019Education nationale et de l\u2019alphab\u00e9tisation, Mariatou Kon\u00e9, a soutenu que ces \u00e9tats g\u00e9n\u00e9raux concernent toutes les couches sociales, aussi bien les politiques que les populations, dans l\u2019optique d\u2019apporter des r\u00e9formes au syst\u00e8me \u00e9ducatif ivoirien. \u00a0<\/p>\n<p>Ces \u00e9tats g\u00e9n\u00e9raux, dira-t-elle, seront marqu\u00e9s par \u00ab des consultations g\u00e9n\u00e9rales en ligne, en r\u00e9gion, dans les districts, au plan national de sorte \u00e0 ce que les populations s\u2019expriment sans distinction. Plusieurs \u00e9tapes sont pr\u00e9vues \u00bb. \u00a0<\/p>\n<p>\u00ab\u00a0Quelques premi\u00e8res consultations se tiennent avec les acteurs du syst\u00e8me \u00e9ducatif, des partenaires, des parties sociales avant le lancement \u00e0 Abidjan\u00a0\u00bb, a fait savoir Mme Mariatou Kon\u00e9.<\/p>\n<p>Plusieurs activit\u00e9s meubleront en outre ces \u00e9tats g\u00e9n\u00e9raux, entre autres, l\u2019organisation de sessions, de diagnostic ou analyse situationnelle, de partages d\u2019exp\u00e9riences, de focus th\u00e9matiques sur les r\u00e9formes curriculaires.<\/p>\n<p>Les assises plancheront \u00e9galement sur le renforcement de capacit\u00e9s, la planification, le management. Le volet alphab\u00e9tisation a \u00e9galement \u00e9t\u00e9 au centre des \u00e9changes. Dans sa vision, la ministre veut \u00ab\u00a0r\u00e9duire consid\u00e9rablement le taux d\u2019analphab\u00e8tes\u00a0\u00bb en C\u00f4te d\u2019Ivoire.<\/p>\n<p>Des projets devraient \u00eatre mis en \u0153uvre avec le soutien de l\u2019Unesco pour la formation d\u2019\u00e9ducateurs pour l\u2019alphab\u00e9tisation, le passage \u00e0 l\u2019\u00e9chelle sup\u00e9rieure des actions via les nouvelles technologies de l\u2019information et de la communication.<\/p>\n<p>La C\u00f4te d\u2019Ivoire est membre de la Coalition pour l\u2019alphab\u00e9tisation et porte flambeau dans la sous-r\u00e9gion. Peu avant cette s\u00e9ance de travail, Mme Mariatou Kon\u00e9 a \u00e9chang\u00e9 avec le directeur charg\u00e9 des politiques et des syst\u00e8mes d\u2019apprentissage, M. Borhene Chakroun.<\/p>\n<\/div>\n<p>Auteur: APA News<br \/>\n<a href=\"https:\/\/www.journalducameroun.com\/lunesco-sengage-a-soutenir-les-etats-generaux-de-leducation-en-cote-divoire\/\">Cliquez ici pour lire l&rsquo;article depuis sa source.<\/a><\/p>\n","protected":false},"excerpt":{"rendered":"<p>Publi\u00e9 le 23.05.2021 \u00e0 13h18 par APA News La directrice g\u00e9n\u00e9rale adjointe de l\u2019Unesco charg\u00e9e de l\u2019Education, Stefania Giannini, a assur\u00e9 de l\u2019engagement de son institution de soutenir l\u2019Etat de C\u00f4te d\u2019Ivoire dans sa d\u00e9marche d\u2019organiser les \u00e9tats g\u00e9n\u00e9raux de l\u2019\u00e9ducation et de l\u2019alphab\u00e9tisation. Mme Stefania Giannini a d\u00e9clar\u00e9 que l\u2019Unesco est engag\u00e9e \u00e0 apporter [&hellip;]<\/p>\n","protected":false},"author":1965,"featured_media":0,"comment_status":"closed","ping_status":"closed","sticky":false,"template":"","format":"standard","meta":{"fifu_image_url":"","fifu_image_alt":"","footnotes":""},"categories":[73,82],"tags":[],"class_list":["post-117274","post","type-post","status-publish","format-standard","hentry","category-actualite","category-cameroun"],"_links":{"self":[{"href":"https:\/\/linitiative.ca\/International\/wp-json\/wp\/v2\/posts\/117274","targetHints":{"allow":["GET"]}}],"collection":[{"href":"https:\/\/linitiative.ca\/International\/wp-json\/wp\/v2\/posts"}],"about":[{"href":"https:\/\/linitiative.ca\/International\/wp-json\/wp\/v2\/types\/post"}],"author":[{"embeddable":true,"href":"https:\/\/linitiative.ca\/International\/wp-json\/wp\/v2\/users\/1965"}],"replies":[{"embeddable":true,"href":"https:\/\/linitiative.ca\/International\/wp-json\/wp\/v2\/comments?post=117274"}],"version-history":[{"count":0,"href":"https:\/\/linitiative.ca\/International\/wp-json\/wp\/v2\/posts\/117274\/revisions"}],"wp:attachment":[{"href":"https:\/\/linitiative.ca\/International\/wp-json\/wp\/v2\/media?parent=117274"}],"wp:term":[{"taxonomy":"category","embeddable":true,"href":"https:\/\/linitiative.ca\/International\/wp-json\/wp\/v2\/categories?post=117274"},{"taxonomy":"post_tag","embeddable":true,"href":"https:\/\/linitiative.ca\/International\/wp-json\/wp\/v2\/tags?post=117274"}],"curies":[{"name":"wp","href":"https:\/\/api.w.org\/{rel}","templated":true}]}}