{"id":117275,"date":"2021-05-23T11:40:12","date_gmt":"2021-05-23T15:40:12","guid":{"rendered":"https:\/\/linitiative.ca\/International\/autorite-portuaire-national-le-nouveau-top-management-prend-officiellement-fonction\/"},"modified":"2021-05-23T11:40:12","modified_gmt":"2021-05-23T15:40:12","slug":"autorite-portuaire-national-le-nouveau-top-management-prend-officiellement-fonction","status":"publish","type":"post","link":"https:\/\/linitiative.ca\/International\/autorite-portuaire-national-le-nouveau-top-management-prend-officiellement-fonction\/","title":{"rendered":"Autorit\u00e9 portuaire national : le nouveau top management prend officiellement fonction"},"content":{"rendered":"<p>C\u2019est par d\u00e9cret pr\u00e9sidentiel du 14 mai 2021 que Louis Eboupeke et Ayuk Etah Pamela ont \u00e9t\u00e9 port\u00e9 respectivement aux postes de Directeur g\u00e9n\u00e9ral et Directeur g\u00e9n\u00e9ral adjoint, de l\u2019autorit\u00e9 portuaire national (APN). Ce \u00e0 la suite du d\u00e9c\u00e8s de celui qui fut Directeur g\u00e9n\u00e9ral de cette entreprise publique pendant plus d\u2019une dizaine d\u2019ann\u00e9es Josue Youmba. Le 21 mai dernier, au si\u00e8ge de l\u2019entreprise en charge de r\u00e9guler la mise en \u0153uvre de la politique portuaire nationale, le ministre des transports camerounais Jean Ernest Ngalle Bibehe proc\u00e9dait \u00e0 la c\u00e9r\u00e9monie d\u2019installation des nouveaux promus. \u00ab Le ministre des transports a install\u00e9, ce 21 mai 2021, \u00e0 la salle des conf\u00e9rences de l\u2019immeuble de la CAA \u00e0 Yaound\u00e9, le nouveau directeur g\u00e9n\u00e9ral de l\u2019autorit\u00e9 portuaire national, le Dr Louis Eboupeke et le directeur g\u00e9n\u00e9ral adjoint de la m\u00eame structure, Pamela Ayuketah en pr\u00e9sence du ministre d\u00e9l\u00e9gu\u00e9 aupr\u00e8s du ministre des transports, du pr\u00e9sident du conseil d\u2019administration de l\u2019APN, du pr\u00e9fet du Mfoundi, du maire de Yaound\u00e9\u2026\u00bb, renseigne les services du ministre des transports.\u00a0<\/p>\n<p><strong>Lire aussi<\/strong> : <strong><a href=\"https:\/\/ecomatin.net\/lautorite-portuaire-national-a-un-nouveau-top-management\/\">L\u2019Autorit\u00e9 portuaire nationale a un nouveau top management<\/a><\/strong><\/p>\n<p>A 64 ans, c\u2019est une nouvelle aventure professionnelle qu\u2019entame Louis Eboupeke. Il a \u00e0 l\u2019\u00e9vidence connu un riche et diversifiant cursus professionnel.\u00a0 A la trace de son parcours professionnel, celui-ci r\u00e9v\u00e8le qu\u2019en mai 1983 au Fond national de d\u00e9veloppement rural (fonader),\u00a0 il a occup\u00e9 les postes d\u2019attach\u00e9 de directeur charg\u00e9 des affaires juridiques, fonction qu\u2019il a cumul\u00e9 plus tard avec celui de chef de service de l\u2019administration. Quelques temps plus tard, il d\u00e9posera ses valises au cr\u00e9dit agricole du Cameroun ou il sera port\u00e9 au poste de chef du service juridique et du contentieux, ce jusqu\u2019en janvier 1995.\u00a0 En mars 1999, c\u2019est une autre exp\u00e9rience professionnelle qu\u2019entreprend le nouveau Dg de l\u2019APN au sein de Siac-Brasserie Isenbeck, il officiera ici en qualit\u00e9 de chef service du personnel, administratif et juridique jusqu\u2019au 12 janvier 2004.\u00a0 Durant cette m\u00eame ann\u00e9e il atterrira dans le secteur bancaire, notamment \u00e0 l\u2019Union Bank of Cameroon. Il sera au sein de cette institution financi\u00e8re, directeur juridique et du contentieux de f\u00e9vrier 2004 \u00e0 janvier 2010, et directeur du recouvrement de f\u00e9vrier 2010 \u00e0 ao\u00fbt 2016. Jusqu\u2019\u00e0 sa nomination Louis Eboupeke \u00e9tait repr\u00e9sentant r\u00e9gional Afrique \u00e0 EFIL world Foundation-USA.\u00a0 Le DG de l\u2019APN est une t\u00eate bien faite, il est d\u00e9tenteur d\u2019un doctorat 3e cycle en droit priv\u00e9.\u00a0\u00a0<\/p>\n<p><strong>Lire aussi<\/strong> : <strong><a href=\"https:\/\/ecomatin.net\/un-nouveau-dg-a-lautorite-portuairee-nationalee\/\">Le maire d\u2019Obala Simon Pierre Ediba, nomm\u00e9 DG par int\u00e9rim de l\u2019Autorit\u00e9 portuaire nationale<\/a><\/strong><\/p>\n<p>Pour ce qui est du Directeur g\u00e9n\u00e9ral adjoint Ayuk Etah Pamela, avant sa nomination, elle a occup\u00e9e pendant une dizaine d\u2019ann\u00e9e le poste de d\u00e9l\u00e9gu\u00e9 r\u00e9gional des transports pour la r\u00e9gion du littoral, entre autres fonctions.\u00a0<\/p>\n<p>Selon les recommandations de la commission technique de r\u00e9habilitation des entreprises du secteur public et parapublique(CTR), au 31 d\u00e9cembre 2019, le nouveau top management devrait, assurer la mise en place d\u2019un observatoire des co\u00fbts et des tarifs portuaires. Y figure dans la liste des recommandations, une \u00e9tude de faisabilit\u00e9 du tron\u00e7on navigable Yabassi-Douala sur le fleuve wouri, pour d\u00e9senclaver le bassin agricole du Nkam. Dans la m\u00eame lanc\u00e9e d\u2019apr\u00e8s les recommandations de la commission, ils devront veiller \u00e0 la mise en conformit\u00e9 des installations portuaires du Cameroun aux normes du code ISPS.<\/p>\n<p><strong>Lire aussi<\/strong> : <strong><a href=\"https:\/\/ecomatin.net\/le-directeur-general-de-lautorite-portuaire-josue-youmba-nest-plus\/\">Le Directeur g\u00e9n\u00e9ral de l\u2019Autorit\u00e9 portuaire Josue Youmba, n\u2019est plus<\/a><\/strong><\/p>\n<p>Auteur: Amina MALLOUM<br \/>\n<a href=\"https:\/\/ecomatin.net\/autorite-portuaire-national-le-nouveau-top-management-prend-officiellement-fonction\/\">Cliquez ici pour lire l&rsquo;article depuis sa source.<\/a><\/p>\n","protected":false},"excerpt":{"rendered":"<p>C\u2019est par d\u00e9cret pr\u00e9sidentiel du 14 mai 2021 que Louis Eboupeke et Ayuk Etah Pamela ont \u00e9t\u00e9 port\u00e9 respectivement aux postes de Directeur g\u00e9n\u00e9ral et Directeur g\u00e9n\u00e9ral adjoint, de l\u2019autorit\u00e9 portuaire national (APN). Ce \u00e0 la suite du d\u00e9c\u00e8s de celui qui fut Directeur g\u00e9n\u00e9ral de cette entreprise publique pendant plus d\u2019une dizaine d\u2019ann\u00e9es Josue [&hellip;]<\/p>\n","protected":false},"author":1969,"featured_media":0,"comment_status":"closed","ping_status":"closed","sticky":false,"template":"","format":"standard","meta":{"fifu_image_url":"","fifu_image_alt":"","footnotes":""},"categories":[82,78],"tags":[],"class_list":["post-117275","post","type-post","status-publish","format-standard","hentry","category-cameroun","category-economie"],"_links":{"self":[{"href":"https:\/\/linitiative.ca\/International\/wp-json\/wp\/v2\/posts\/117275","targetHints":{"allow":["GET"]}}],"collection":[{"href":"https:\/\/linitiative.ca\/International\/wp-json\/wp\/v2\/posts"}],"about":[{"href":"https:\/\/linitiative.ca\/International\/wp-json\/wp\/v2\/types\/post"}],"author":[{"embeddable":true,"href":"https:\/\/linitiative.ca\/International\/wp-json\/wp\/v2\/users\/1969"}],"replies":[{"embeddable":true,"href":"https:\/\/linitiative.ca\/International\/wp-json\/wp\/v2\/comments?post=117275"}],"version-history":[{"count":0,"href":"https:\/\/linitiative.ca\/International\/wp-json\/wp\/v2\/posts\/117275\/revisions"}],"wp:attachment":[{"href":"https:\/\/linitiative.ca\/International\/wp-json\/wp\/v2\/media?parent=117275"}],"wp:term":[{"taxonomy":"category","embeddable":true,"href":"https:\/\/linitiative.ca\/International\/wp-json\/wp\/v2\/categories?post=117275"},{"taxonomy":"post_tag","embeddable":true,"href":"https:\/\/linitiative.ca\/International\/wp-json\/wp\/v2\/tags?post=117275"}],"curies":[{"name":"wp","href":"https:\/\/api.w.org\/{rel}","templated":true}]}}