{"id":117276,"date":"2021-05-23T12:36:39","date_gmt":"2021-05-23T16:36:39","guid":{"rendered":"https:\/\/linitiative.ca\/International\/employabilite-des-jeunes-lauf-et-le-gouvernement-signent-trois-accords-de-partenariats\/"},"modified":"2021-05-23T12:36:39","modified_gmt":"2021-05-23T16:36:39","slug":"employabilite-des-jeunes-lauf-et-le-gouvernement-signent-trois-accords-de-partenariats","status":"publish","type":"post","link":"https:\/\/linitiative.ca\/International\/employabilite-des-jeunes-lauf-et-le-gouvernement-signent-trois-accords-de-partenariats\/","title":{"rendered":"Employabilit\u00e9 des jeunes : l\u2019AUF et le gouvernement signent trois accords de partenariats"},"content":{"rendered":"<p>Le 18 mai dernier, la salle des actes du minist\u00e8re des Relations ext\u00e9rieures\u00a0\u00a0servir de cadre pour la signature de trois-accords-cadres de partenariats entre l\u2019Agence universitaire de la francophonie (AUF) Afrique Centrale et Grands Lacs et le gouvernement camerounais. D\u2019une dur\u00e9e respective de trois ans chacun, ces accords fixent le cadre de partenariat et les modalit\u00e9s de collaboration entre l\u2019AUF et le minist\u00e8re de l\u2019Emploi et de la Formation Professionnelle (MINEFOP), celui de la Jeunesse et de l\u2019\u00c9ducation Civique (MINJEC) et le minist\u00e8re des Petites et Moyennes Entreprises, de l\u2019\u00c9conomie Sociale et de l\u2019Artisanat (MINPMEESA), en vue de la mise en place d\u2019actions conjointes au profit de la jeunesse. Ont alors sign\u00e9 c\u00f4t\u00e9 Camerounais, les ministres Achille Basselekin III, Issa Tchirouma Bakary et Mounouna Foutsou, l\u2019AUF \u00e9tait repr\u00e9sent\u00e9 par Recteur le Professeur Slim Khlabous.<\/p>\n<p><strong>Lire aussi<\/strong> : <strong><a href=\"https:\/\/ecomatin.net\/aissatou-sy-wonyu-dirige-la-region-de-lafrique-centrale-et-grands-lacs-de-lauf\/\">A\u00efssatou SY-Wonyu, dirige la r\u00e9gion Afrique Centrale et Grands Lacs de l\u2019AUF<\/a><\/strong><\/p>\n<p>A travers cette signature, les deux parties s\u2019engagent \u00e0 conjuguer leurs efforts au b\u00e9n\u00e9fice de la jeunesse, notamment dans les domaines de l\u2019entrepreneuriat, l\u2019employabilit\u00e9 et l\u2019insertion professionnelle. Plusieurs secteurs seront explor\u00e9s dans le cadre de ces accords\u00a0: la promotion de l\u2019orientation, de l\u2019emploi, de la formation et de l\u2019insertion professionnelle\u00a0; la promotion et la diffusion de la culture entrepreneuriale ; le d\u00e9veloppement des comp\u00e9tences num\u00e9riques et la promotion de l\u2019entrepreneuriat num\u00e9rique ; le renforcement des capacit\u00e9s des jeunes porteurs de projets, leur accompagnement dans la mise en \u0153uvre des projets ; l\u2019\u00e9laboration de programmes p\u00e9dagogiques sp\u00e9cifiques, entre autres.<\/p>\n<p>Dans le cadre de cette coop\u00e9ration donc le Minpmeesa a pris l\u2019engagement d\u2019accompagner l\u2019AUF dans la mise en \u0153uvre et le suivi des projets arr\u00eat\u00e9s et incub\u00e9s et d\u2019apporter, entre autres un appui technique au fonctionnement de l\u2019incubateur Ongola Fablab de l\u2019AUF. Tandis que l\u2019AUF se dit pr\u00eate \u00e0 encourager et soutenir techniquement et au besoin financi\u00e8rement, les initiatives et activit\u00e9s des jeunes dans le domaine de l\u2019entrepreneuriat et de la maturation des projets num\u00e9riques\u00a0;\u00a0\u00a0\u0153uvrer en vue de l\u2019insertion professionnelle et l\u2019emploi des dipl\u00f4m\u00e9s des centres d\u2019incubation et \u00e0 accompagner le gouvernement du Cameroun dans ses actions de promotion de l\u2019entrepreneuriat en milieu jeune.<\/p>\n<p><strong>Lire aussi<\/strong> : <strong><a href=\"https:\/\/ecomatin.net\/lauf-finance-7-projets-camerounais-de-lutte-contre-le-coronavirus\/\">L\u2019AUF finance 7 projets camerounais de lutte contre le Coronavirus<\/a><\/strong><\/p>\n<p>Notons que cette signature s\u2019aligne dans la strat\u00e9gie de l\u2019AUF construite en r\u00e9ponse aux d\u00e9fis du secteur \u00e9ducatif parmi lesquels la qualit\u00e9 de la formation, l\u2019employabilit\u00e9 des dipl\u00f4m\u00e9s et leur insertion professionnelle. C\u2019est pour apporter des pistes de solutions \u00e0 ces d\u00e9fis et accompagner au mieux ses \u00e9tablissements membres \u00e0 les relever, que l\u2019AUF d\u00e9veloppe des partenariats avec les entreprises priv\u00e9es et leurs fondations, les agences nationales d\u2019aide au d\u00e9veloppement, les organisations internationales et non gouvernementales, les \u00c9tats et gouvernements.<\/p>\n<p><strong>Mission au Cameroun<\/strong><\/p>\n<p>La signature de ces trois accords-cadres de partenariats s\u2019inscrit dans le cadre de la mission du Professeur Slim Khlabous en terre camerounaise. Mission qui s\u2019est tenue du 16 au 20 mai 2021, et qui est la premi\u00e8re du genre depuis sa nomination \u00e0 la t\u00eate de l\u2019AUF. Durant cette p\u00e9riode, le Recteur a eu l\u2019occasion d\u2019avoir des s\u00e9ances de travail avec les recteurs des universit\u00e9s d\u2019\u00c9tat et les chefs d\u2019institutions priv\u00e9es de l\u2019enseignement sup\u00e9rieur membres de l\u2019AUF, dans l\u2019optique de s\u2019accorder sur des sujets d\u2019int\u00e9r\u00eat commun dont la prochaine Assembl\u00e9e G\u00e9n\u00e9rale de l\u2019AUF, en septembre prochain, qui permettra de renouveler les instances dirigeantes de l\u2019AUF et de valider sa strat\u00e9gie 2021-2025. Il a aussi eu a rencontr\u00e9 des partenaires institutionnels, des membres du gouvernement, des chefs de mission diplomatiques, des acteurs socio-\u00e9conomiques \u00e0 Yaound\u00e9 et \u00e0 Douala, autour des questions li\u00e9es \u00e0 la qualit\u00e9 de la formation, de la recherche et de la gouvernance universitaire, l\u2019employabilit\u00e9 et l\u2019insertion professionnelle des dipl\u00f4m\u00e9s ou encore l\u2019entrepreneuriat des jeunes.<\/p>\n<p><strong>Lire aussi<\/strong> : <strong><a href=\"https:\/\/ecomatin.net\/lunion-europeenne-va-debloquer-32-milliards-pour-appuyer-la-recherche-scientifique-dans-lespace-francophone\/\">L\u2019Union Europ\u00e9enne va d\u00e9bloquer 3,2 milliards pour appuyer la recherche scientifique dans l\u2019espace francophone<\/a><\/strong><\/p>\n<p>Auteur: Amina MALLOUM<br \/>\n<a href=\"https:\/\/ecomatin.net\/employabilite-des-jeunes-lauf-et-le-gouvernement-signent-trois-accords-de-partenariats\/\">Cliquez ici pour lire l&rsquo;article depuis sa source.<\/a><\/p>\n","protected":false},"excerpt":{"rendered":"<p>Le 18 mai dernier, la salle des actes du minist\u00e8re des Relations ext\u00e9rieures\u00a0\u00a0servir de cadre pour la signature de trois-accords-cadres de partenariats entre l\u2019Agence universitaire de la francophonie (AUF) Afrique Centrale et Grands Lacs et le gouvernement camerounais. D\u2019une dur\u00e9e respective de trois ans chacun, ces accords fixent le cadre de partenariat et les modalit\u00e9s [&hellip;]<\/p>\n","protected":false},"author":1969,"featured_media":0,"comment_status":"closed","ping_status":"closed","sticky":false,"template":"","format":"standard","meta":{"fifu_image_url":"","fifu_image_alt":"","footnotes":""},"categories":[82,78],"tags":[],"class_list":["post-117276","post","type-post","status-publish","format-standard","hentry","category-cameroun","category-economie"],"_links":{"self":[{"href":"https:\/\/linitiative.ca\/International\/wp-json\/wp\/v2\/posts\/117276","targetHints":{"allow":["GET"]}}],"collection":[{"href":"https:\/\/linitiative.ca\/International\/wp-json\/wp\/v2\/posts"}],"about":[{"href":"https:\/\/linitiative.ca\/International\/wp-json\/wp\/v2\/types\/post"}],"author":[{"embeddable":true,"href":"https:\/\/linitiative.ca\/International\/wp-json\/wp\/v2\/users\/1969"}],"replies":[{"embeddable":true,"href":"https:\/\/linitiative.ca\/International\/wp-json\/wp\/v2\/comments?post=117276"}],"version-history":[{"count":0,"href":"https:\/\/linitiative.ca\/International\/wp-json\/wp\/v2\/posts\/117276\/revisions"}],"wp:attachment":[{"href":"https:\/\/linitiative.ca\/International\/wp-json\/wp\/v2\/media?parent=117276"}],"wp:term":[{"taxonomy":"category","embeddable":true,"href":"https:\/\/linitiative.ca\/International\/wp-json\/wp\/v2\/categories?post=117276"},{"taxonomy":"post_tag","embeddable":true,"href":"https:\/\/linitiative.ca\/International\/wp-json\/wp\/v2\/tags?post=117276"}],"curies":[{"name":"wp","href":"https:\/\/api.w.org\/{rel}","templated":true}]}}