{"id":117277,"date":"2021-05-23T15:13:09","date_gmt":"2021-05-23T19:13:09","guid":{"rendered":"https:\/\/linitiative.ca\/International\/libre-echange-la-fondation-inter-progress-sensibilise-sur-les-enjeux-de-la-zlecaf\/"},"modified":"2021-05-23T15:13:09","modified_gmt":"2021-05-23T19:13:09","slug":"libre-echange-la-fondation-inter-progress-sensibilise-sur-les-enjeux-de-la-zlecaf","status":"publish","type":"post","link":"https:\/\/linitiative.ca\/International\/libre-echange-la-fondation-inter-progress-sensibilise-sur-les-enjeux-de-la-zlecaf\/","title":{"rendered":"Libre \u00e9change:  la Fondation inter-progress sensibilise sur les enjeux de la Zlecaf"},"content":{"rendered":"<div class=\"featured-area featured-area-inner\">\n<figure class=\"single-featured-image\">\n<p><img loading=\"lazy\" decoding=\"async\" width=\"660\" height=\"281\" src=\"https:\/\/ecomatin.net\/wp-content\/uploads\/2021\/05\/WhatsApp-Image-2021-05-23-at-19.55.35.jpeg\" class=\"attachment-jannah-image-post size-jannah-image-post wp-post-image\" alt=\"\" is_main_img=\"1\" srcset=\"https:\/\/ecomatin.net\/wp-content\/uploads\/2021\/05\/WhatsApp-Image-2021-05-23-at-19.55.35.jpeg 660w, https:\/\/ecomatin.net\/wp-content\/uploads\/2021\/05\/WhatsApp-Image-2021-05-23-at-19.55.35-300x128.jpeg 300w, https:\/\/ecomatin.net\/wp-content\/uploads\/2021\/05\/WhatsApp-Image-2021-05-23-at-19.55.35-600x255.jpeg 600w\" sizes=\"auto, (max-width: 660px) 100vw, 660px\"\/><\/p>\n<\/figure>\n<\/div>\n<div class=\"entry-content entry clearfix\" readability=\"49.596616785947\">\n<p>Du 27 au 28 mai se tiendra en pr\u00e9sentiel et en ligne une conf\u00e9rence \u00e9conomique sur la Zone de libre-\u00e9change continentale (Zlecaf) sous le th\u00e8me \u00ab\u00a0Zlecaf:outil de promotion et de d\u00e9veloppement du commerce intra-africain\u00a0\u00bb. Organis\u00e9e par la Fondation internationale inter-progress (FIP), cette rencontre s\u2019adresse aux patrons, dirigeants et cadres d\u2019entreprises, repr\u00e9sentants institutionnels et hauts cadres de l\u2019administration, les acteurs \u00e9conomiques et le public int\u00e9ress\u00e9.<\/p>\n<p>Lire aussi : <a href=\"https:\/\/ecomatin.net\/zlecaf-un-fonds-de-5%e2%80%af455147-milliards-de-fcfa-pour-les-entreprises-africaines\/\">Zlecaf: un fonds de 5\u202f455,147 milliards de Fcfa pour les entreprises africaines<\/a><\/p>\n<p>Au programme de cette rencontre virtuelle plusieurs \u00e9changes organis\u00e9s en cinq s\u00e9quences en relation avec le th\u00e8me de la rencontre notamment : zone de libre-\u00e9change: outil de facilitation du commerce intra-continental; Financements au service du commerce-intrafricain;mesure d\u2019accompagnement de la Zlecaf.<br \/>Il est important de rappeler que la zone de libre-\u00e9change continentale est entr\u00e9e en vigueur le 1er janvier 2021. Elle a pour objectif de relever le commerce intra-africain en cr\u00e9ant la nouvelle plus grande zone de libre-\u00e9change commerciale avec un PIB cumul\u00e9 de plus de 3400 milliards de dollars et 1,3 milliard de potentiels consommateurs. S\u2019agissant du commerce intra-africain, un rapport de la Commission \u00e9conomique pour l\u2019Afrique (CEA), r\u00e9v\u00e8le que celui-ci est pass\u00e9 de 15,5% en 2017 \u00e0 16,1% en 2018 (159,1 milliards de dollars).<\/p>\n<p><strong>Lire aussi<\/strong> : <a href=\"https:\/\/ecomatin.net\/zlecaf-les-etats-membres-de-lohada-sarriment-au-marche-unique\/\">Zlecaf : les Etats membres de l\u2019Ohada s\u2019arriment au march\u00e9 unique<\/a><\/p>\n<\/div>\n<div class=\"toggle-post-content clearfix\"><a id=\"toggle-post-button\" class=\"button\" href=\"#\">Afficher plus <\/a><\/div>\n<p>Auteur: Cindy MBALA<br \/>\n<a href=\"https:\/\/ecomatin.net\/libre-echange-la-fondation-inter-progress-sensibilise-sur-les-enjeux-de-la-zlecaf\/\">Cliquez ici pour lire l&rsquo;article depuis sa source.<\/a><\/p>\n","protected":false},"excerpt":{"rendered":"<p>Du 27 au 28 mai se tiendra en pr\u00e9sentiel et en ligne une conf\u00e9rence \u00e9conomique sur la Zone de libre-\u00e9change continentale (Zlecaf) sous le th\u00e8me \u00ab\u00a0Zlecaf:outil de promotion et de d\u00e9veloppement du commerce intra-africain\u00a0\u00bb. Organis\u00e9e par la Fondation internationale inter-progress (FIP), cette rencontre s\u2019adresse aux patrons, dirigeants et cadres d\u2019entreprises, repr\u00e9sentants institutionnels et hauts cadres [&hellip;]<\/p>\n","protected":false},"author":1969,"featured_media":0,"comment_status":"closed","ping_status":"closed","sticky":false,"template":"","format":"standard","meta":{"fifu_image_url":"https:\/\/ecomatin.net\/wp-content\/uploads\/2021\/05\/WhatsApp-Image-2021-05-23-at-19.55.35.jpeg","fifu_image_alt":"Libre \u00e9change:  la Fondation inter-progress sensibilise sur les enjeux de la Zlecaf","footnotes":""},"categories":[82,78],"tags":[],"class_list":["post-117277","post","type-post","status-publish","format-standard","hentry","category-cameroun","category-economie"],"_links":{"self":[{"href":"https:\/\/linitiative.ca\/International\/wp-json\/wp\/v2\/posts\/117277","targetHints":{"allow":["GET"]}}],"collection":[{"href":"https:\/\/linitiative.ca\/International\/wp-json\/wp\/v2\/posts"}],"about":[{"href":"https:\/\/linitiative.ca\/International\/wp-json\/wp\/v2\/types\/post"}],"author":[{"embeddable":true,"href":"https:\/\/linitiative.ca\/International\/wp-json\/wp\/v2\/users\/1969"}],"replies":[{"embeddable":true,"href":"https:\/\/linitiative.ca\/International\/wp-json\/wp\/v2\/comments?post=117277"}],"version-history":[{"count":0,"href":"https:\/\/linitiative.ca\/International\/wp-json\/wp\/v2\/posts\/117277\/revisions"}],"wp:attachment":[{"href":"https:\/\/linitiative.ca\/International\/wp-json\/wp\/v2\/media?parent=117277"}],"wp:term":[{"taxonomy":"category","embeddable":true,"href":"https:\/\/linitiative.ca\/International\/wp-json\/wp\/v2\/categories?post=117277"},{"taxonomy":"post_tag","embeddable":true,"href":"https:\/\/linitiative.ca\/International\/wp-json\/wp\/v2\/tags?post=117277"}],"curies":[{"name":"wp","href":"https:\/\/api.w.org\/{rel}","templated":true}]}}