{"id":117279,"date":"2021-05-24T08:10:53","date_gmt":"2021-05-24T12:10:53","guid":{"rendered":"https:\/\/linitiative.ca\/International\/essaouira-lancement-de-mogagreen-un-projet-ecologique-a-forte-valeur-ajoutee\/"},"modified":"2021-05-24T08:10:53","modified_gmt":"2021-05-24T12:10:53","slug":"essaouira-lancement-de-mogagreen-un-projet-ecologique-a-forte-valeur-ajoutee","status":"publish","type":"post","link":"https:\/\/linitiative.ca\/International\/essaouira-lancement-de-mogagreen-un-projet-ecologique-a-forte-valeur-ajoutee\/","title":{"rendered":"Essaouira : Lancement de \u00abMogagreen\u00bb, un projet \u00e9cologique  \u00e0 forte valeur ajout\u00e9e"},"content":{"rendered":"<header>\n<div class=\"entry-post-meta\">\n<div class=\"author-link\">Publi\u00e9 par <a itemprop=\"author\" itemscope=\"itemscope\" itemtype=\"https:\/\/schema.org\/Person\" href=\"https:\/\/aujourdhui.ma\/author\/blio\" rel=\"author\"><span itemprop=\"name\">ALM<\/span><\/a><\/div>\n<p>Date\u00a0:<time content=\"2021-05-24T13:10:53+01:00\" class=\"entry-date updated\" datetime=\"2021-05-24T13:10:53+01:00\">mai 24, 2021<\/time><\/p>\n<div class=\"entry-cat\">dans:<a href=\"https:\/\/aujourdhui.ma\/category\/economie\" rel=\"category tag\">Economie<\/a><\/div>\n<p>49Vues<\/p>\n<\/div>\n<\/header>\n<div class=\"entry-content clearfix\" readability=\"68\">\n<figure class=\"post-thumbnail\" itemprop=\"associatedMedia\" itemscope=\"itemscope\" itemtype=\"http:\/\/schema.org\/ImageObject\"><img decoding=\"async\" class=\"post_layout_5_img\" src=\"http:\/\/aujourdhui.ma\/wp-content\/uploads\/2021\/05\/Mogagreen.jpg\" alt=\"Essaouira : Lancement de \u00abMogagreen\u00bb, un projet \u00e9cologique \u00e0 forte valeur ajout\u00e9e\"\/><\/figure>\n<p><span class=\"c7\"><strong>\u00abMogagreen\u00bb, un projet \u00e9cologique \u00e0 forte valeur ajout\u00e9e, a \u00e9t\u00e9 lanc\u00e9, samedi \u00e0 Essaouira, avec pour finalit\u00e9 ultime de faire de la Cit\u00e9 des Aliz\u00e9s la ville africaine avec z\u00e9ro d\u00e9chets recyclables arrivant aux d\u00e9charges \u00e0 l\u2019horizon 2030.<\/strong><\/span><span id=\"more-377091\"\/><br \/>Lanc\u00e9e lors d\u2019une rencontre rehauss\u00e9e par la participation d\u2019Andr\u00e9 Azoulay, conseiller de SM le Roi et pr\u00e9sident-fondateur de l\u2019Association Essaouira-Mogador, du gouverneur de la province, Adil El Maliki, ainsi que des repr\u00e9sentants des partenaires et de divers acteurs publics et priv\u00e9s, cette nouvelle initiative est le fruit d\u2019une intelligence collective et d\u2019une action concert\u00e9e de plusieurs op\u00e9rateurs et entreprises.<br \/>La philosophie de ce projet consiste en l\u2019alignement sur les strat\u00e9gies de d\u00e9veloppement durable, la r\u00e9duction de l\u2019empreinte carbone au sein de la ville, la cr\u00e9ation d\u2019emplois verts, l\u2019insertion sociale, la valorisation et la dignification, la cons\u00e9cration de la d\u00e9marche participative et \u00e9co-citoyenne et la cr\u00e9ation d\u2019un mod\u00e8le \u00e9conomico-durable, susceptible d\u2019\u00eatre dupliqu\u00e9 \u00e0 l\u2019\u00e9chelle africaine. Ce projet cible des g\u00e9n\u00e9rateurs de d\u00e9chets \u00e0 la source (20.000 foyers, 20 \u00e9tablissements scolaires et 300 professionnels) et ambitionne la promotion de l\u2019image d\u2019Essaouira comme cit\u00e9 innovante et durable, l\u2019engagement des habitants dans une d\u00e9marche \u00e9co-responsable, la cr\u00e9ation d\u2019une communaut\u00e9 de recycleurs et de 50 emplois directs, la mise en place d\u2019une plate-forme de tri secondaire et de pr\u00e9traitement ainsi que l\u2019impl\u00e9mentation d\u2019un mod\u00e8le innovant et technologique pour la gestion et la valorisation des d\u00e9chets, \u00e0 m\u00eame d\u2019\u00eatre dupliqu\u00e9 sur les plans r\u00e9gional, national et continental.<\/p>\n<p>S\u2019exprimant \u00e0 cette occasion, M. El Maliki a indiqu\u00e9 que le noyau dur du potentiel que rec\u00e8le la province d\u2019Essaouira demeure le patrimoine, la diversit\u00e9 culturelle et l\u2019histoire qui font l\u2019ADN de cette partie du territoire national, mettant \u00e9galement en lumi\u00e8re la richesse c\u00f4ti\u00e8re, l\u2019\u00e9cosyst\u00e8me arganier et l\u2019art de l\u2019hospitalit\u00e9 et du partage qui caract\u00e9risent la province. Et d\u2019encha\u00eener que le projet \u00abMogagreen\u00bb s\u2019inscrit dans cette logique et dans cet \u00e9tat esprit, en ce sens qu\u2019il s\u2019agit d\u2019une initiative de \u00abpartage d\u2019exp\u00e9riences\u00bb, soulignant que ce projet \u00abjouit de toutes les chances et des atouts pour r\u00e9ussir, \u00eatre partag\u00e9 et dupliqu\u00e9 dans d\u2019autres r\u00e9gions du Royaume\u00bb.<\/p>\n<\/div>\n<p>Auteur: ALM<br \/>\n<a href=\"https:\/\/aujourdhui.ma\/economie\/essaouira-lancement-de-mogagreen-un-projet-ecologique-a-forte-valeur-ajoutee\">Cliquez ici pour lire l&rsquo;article depuis sa source.<\/a><\/p>\n","protected":false},"excerpt":{"rendered":"<p>Publi\u00e9 par ALM Date\u00a0:mai 24, 2021 dans:Economie 49Vues \u00abMogagreen\u00bb, un projet \u00e9cologique \u00e0 forte valeur ajout\u00e9e, a \u00e9t\u00e9 lanc\u00e9, samedi \u00e0 Essaouira, avec pour finalit\u00e9 ultime de faire de la Cit\u00e9 des Aliz\u00e9s la ville africaine avec z\u00e9ro d\u00e9chets recyclables arrivant aux d\u00e9charges \u00e0 l\u2019horizon 2030.Lanc\u00e9e lors d\u2019une rencontre rehauss\u00e9e par la participation d\u2019Andr\u00e9 Azoulay, [&hellip;]<\/p>\n","protected":false},"author":1759,"featured_media":0,"comment_status":"closed","ping_status":"closed","sticky":false,"template":"","format":"standard","meta":{"fifu_image_url":"http:\/\/aujourdhui.ma\/wp-content\/uploads\/2021\/05\/Mogagreen.jpg","fifu_image_alt":"Essaouira : Lancement de \u00abMogagreen\u00bb, un projet \u00e9cologique  \u00e0 forte valeur ajout\u00e9e","footnotes":""},"categories":[73,54],"tags":[],"class_list":["post-117279","post","type-post","status-publish","format-standard","hentry","category-actualite","category-maroc"],"_links":{"self":[{"href":"https:\/\/linitiative.ca\/International\/wp-json\/wp\/v2\/posts\/117279","targetHints":{"allow":["GET"]}}],"collection":[{"href":"https:\/\/linitiative.ca\/International\/wp-json\/wp\/v2\/posts"}],"about":[{"href":"https:\/\/linitiative.ca\/International\/wp-json\/wp\/v2\/types\/post"}],"author":[{"embeddable":true,"href":"https:\/\/linitiative.ca\/International\/wp-json\/wp\/v2\/users\/1759"}],"replies":[{"embeddable":true,"href":"https:\/\/linitiative.ca\/International\/wp-json\/wp\/v2\/comments?post=117279"}],"version-history":[{"count":0,"href":"https:\/\/linitiative.ca\/International\/wp-json\/wp\/v2\/posts\/117279\/revisions"}],"wp:attachment":[{"href":"https:\/\/linitiative.ca\/International\/wp-json\/wp\/v2\/media?parent=117279"}],"wp:term":[{"taxonomy":"category","embeddable":true,"href":"https:\/\/linitiative.ca\/International\/wp-json\/wp\/v2\/categories?post=117279"},{"taxonomy":"post_tag","embeddable":true,"href":"https:\/\/linitiative.ca\/International\/wp-json\/wp\/v2\/tags?post=117279"}],"curies":[{"name":"wp","href":"https:\/\/api.w.org\/{rel}","templated":true}]}}