{"id":117280,"date":"2021-05-24T09:20:30","date_gmt":"2021-05-24T13:20:30","guid":{"rendered":"https:\/\/linitiative.ca\/International\/les-professionnels-des-arts-dramatiques-veulent-un-retour-imminent-de-la-vie-aux-planches\/"},"modified":"2021-05-24T09:20:30","modified_gmt":"2021-05-24T13:20:30","slug":"les-professionnels-des-arts-dramatiques-veulent-un-retour-imminent-de-la-vie-aux-planches","status":"publish","type":"post","link":"https:\/\/linitiative.ca\/International\/les-professionnels-des-arts-dramatiques-veulent-un-retour-imminent-de-la-vie-aux-planches\/","title":{"rendered":"Les professionnels des arts dramatiques veulent un retour imminent de la vie aux planches"},"content":{"rendered":"<figure class=\"post-thumbnail\" itemprop=\"associatedMedia\" itemscope=\"itemscope\" itemtype=\"http:\/\/schema.org\/ImageObject\"><img decoding=\"async\" class=\"post_layout_5_img\" src=\"http:\/\/aujourdhui.ma\/wp-content\/uploads\/2021\/05\/Les-professionnels-des-arts-dramatiques-veulent-un-retour-imminent-de-la-vie-aux-planches.jpg\" alt=\"Les professionnels des arts dramatiques veulent un retour imminent de la vie aux planches\"\/><\/figure>\n<p><span class=\"c7\"><strong>Ils s\u2019\u00e9tonnent de leur exclusion apr\u00e8s la reprise d\u2019autres activit\u00e9s \u00e9conomiques<\/strong><\/span><span id=\"more-377102\"\/><\/p>\n<p>Les dramaturges sont en col\u00e8re. Cette fois-ci, c\u2019est le Syndicat marocain des professionnels des arts dramatiques qui s\u2019exprime sur \u00abson \u00e9tonnement et son angoisse intenses\u00bb de par la n\u00e9gligence du gouvernement des appels de cette structure quant au maintien des mesures de pr\u00e9vention, li\u00e9es \u00e0 la pand\u00e9mie de Covid-19, pour certains espaces culturels. \u00abNous avons tous appel\u00e9 le chef de gouvernement, le ministre de la culture, de la jeunesse et des sports, ainsi que celui de l\u2019int\u00e9rieur \u00e0 tenir compte des conditions socio-culturelles angoissantes v\u00e9cues par le domaine des spectacles vivants\u00bb, pr\u00e9cise le syndicat. Ces conditions \u00e9tant dues \u00e0 la perte d\u2019emplois suite \u00e0 l\u2019arr\u00eat total de la vie th\u00e9\u00e2trale de par les mesures de pr\u00e9vention prises vu l\u2019\u00e9tat d\u2019urgence sanitaire qui marque le pays depuis plus d\u2019un an. Le tout \u00aben l\u2019absence de toute mesure d\u2019urgence pour garantir la continuit\u00e9 du domaine du th\u00e9\u00e2tre et des arts vivants de mani\u00e8re \u00e0 tenir compte de la n\u00e9cessit\u00e9 de cet art en tant qu\u2019\u00e9l\u00e9ment composant l\u2019identit\u00e9 des Marocains\u00bb.<\/p>\n<p><a href=\"https:http:\/\/aujourdhui.ma\/wp-content\/uploads\/2021\/05\/Agadir-12eme-festival-national-du-theatre-Amazigh-M1-504x297-1.jpg\"><img decoding=\"async\" loading=\"lazy\" class=\"alignnone size-full wp-image-377107\" src=\"http:\/\/aujourdhui.ma\/wp-content\/uploads\/2021\/05\/Agadir-12eme-festival-national-du-theatre-Amazigh-M1-504x297-1.jpg\" alt=\"\" width=\"746\" height=\"380\" srcset=\"http:\/\/aujourdhui.ma\/wp-content\/uploads\/2021\/05\/Agadir-12eme-festival-national-du-theatre-Amazigh-M1-504x297-1.jpg 746w, \/\/aujourdhui.ma\/wp-content\/uploads\/2021\/05\/Agadir-12eme-festival-national-du-theatre-Amazigh-M1-504x297-1-300x153.jpg 300w, \/\/aujourdhui.ma\/wp-content\/uploads\/2021\/05\/Agadir-12eme-festival-national-du-theatre-Amazigh-M1-504x297-1-274x140.jpg 274w, \/\/aujourdhui.ma\/wp-content\/uploads\/2021\/05\/Agadir-12eme-festival-national-du-theatre-Amazigh-M1-504x297-1-165x84.jpg 165w, \/\/aujourdhui.ma\/wp-content\/uploads\/2021\/05\/Agadir-12eme-festival-national-du-theatre-Amazigh-M1-504x297-1-702x358.jpg 702w\" sizes=\"auto, (max-width: 746px) 100vw, 746px\"\/><\/a><\/p>\n<p>C\u2019est pourquoi le syndicat, qui donne l\u2019exemple des conditions en vigueur dans d\u2019autres pays pour la continuit\u00e9 de ces arts et qui se montre quand m\u00eame compr\u00e9hensif quant aux mesures entreprises dans notre pays, ne manque pas de r\u00e9it\u00e9rer son \u00e9tonnement. \u00abNous ne comprenons pas la position du gouvernement qui semble flexible, depuis le d\u00e9confinement, au profit de l\u2019ensemble des domaines \u00e9conomiques et diff\u00e9rentes activit\u00e9s professionnelles contrairement \u00e0 une certaine s\u00e9v\u00e9rit\u00e9 \u00e0 l\u2019\u00e9gard de toutes les activit\u00e9s culturelles et artistiques\u00bb, mart\u00e8le la structure. Dans ce sens, celle-ci met l\u2019accent notamment sur la poursuite de la fermeture des espaces de spectacle malgr\u00e9 le grand nombre de lettres et notes adress\u00e9es aux responsables gouvernementaux. Le syndicat y propose des mesures pratiques permettant aux artistes de reprendre leurs activit\u00e9s en tenant compte des mesures sanitaires recommand\u00e9es tout en adoptant des mesures de r\u00e9duction en capacit\u00e9 et temps. \u00abNous sommes convaincus que le th\u00e9\u00e2tre en tant qu\u2019art vivant et de public ne peut retrouver son lustre d\u2019antan qu\u2019apr\u00e8s l\u2019\u00e9radication de la pand\u00e9mie. Cependant, nous mettons l\u2019accent sur cette discipline en tant que pratique et exercice continus qui n\u2019admet pas la cessation pour une longue dur\u00e9e \u00e0 l\u2019instar du sport. C\u2019est pourquoi il faut en garantir la continuit\u00e9, ne serait-ce qu\u2019avec des conditions minimum\u00bb, ajoute la m\u00eame structure.<\/p>\n<p><a href=\"https:http:\/\/aujourdhui.ma\/wp-content\/uploads\/2021\/05\/theatre-Maroc.jpg\"><img decoding=\"async\" loading=\"lazy\" class=\"alignnone size-full wp-image-377109\" src=\"http:\/\/aujourdhui.ma\/wp-content\/uploads\/2021\/05\/theatre-Maroc.jpg\" alt=\"\" width=\"746\" height=\"380\" srcset=\"http:\/\/aujourdhui.ma\/wp-content\/uploads\/2021\/05\/theatre-Maroc.jpg 746w, \/\/aujourdhui.ma\/wp-content\/uploads\/2021\/05\/theatre-Maroc-300x153.jpg 300w, \/\/aujourdhui.ma\/wp-content\/uploads\/2021\/05\/theatre-Maroc-274x140.jpg 274w, \/\/aujourdhui.ma\/wp-content\/uploads\/2021\/05\/theatre-Maroc-165x84.jpg 165w, \/\/aujourdhui.ma\/wp-content\/uploads\/2021\/05\/theatre-Maroc-702x358.jpg 702w\" sizes=\"auto, (max-width: 746px) 100vw, 746px\"\/><\/a><\/p>\n<p>Pour le syndicat, le th\u00e9\u00e2tre ne peut aussi se passer des salles de spectacle. \u00abCe qui n\u00e9cessite la poursuite des politiques publiques en culture et des programmes li\u00e9s \u00e0 la saison th\u00e9\u00e2trale de mani\u00e8re cr\u00e9ative pour s\u2019adapter aux conditions \u00e9mergentes qui ne devraient, en aucun cas, \u00eatre une raison pour l\u2019arr\u00eat total de la vie culturelle\u00bb, encha\u00eene la m\u00eame source. Mieux encore, les dramaturges, qui rejettent cat\u00e9goriquement ce traitement, se consid\u00e8rent une partie int\u00e9grante des cat\u00e9gories sociales qui s\u2019adaptent avec la pand\u00e9mie et \u00e9voquent fi\u00e8rement les r\u00f4les historiques du th\u00e9\u00e2tre. \u00abIl est assez d\u00e9solant de consid\u00e9rer le th\u00e9\u00e2tre comme simple activit\u00e9 de plus ou en tant que luxe\u00bb, s\u2019exprime le syndicat. Pour cette structure, cette activit\u00e9 ne peut \u00eatre entrav\u00e9e par la \u00abvague de Coronavirus\u00bb ou toute autre vague de passage. C\u2019est pour cela que le syndicat revendique au gouvernement de \u00abrevoir cette marginalisation irraisonnable\u00bb. Le tout en appelant au retour de la vie aux planches avec des mesures d\u2019exception en attendant la d\u00e9livrance.<\/p>\n<p>Auteur: Salima Guisser<br \/>\n<a href=\"https:\/\/aujourdhui.ma\/culture\/les-professionnels-des-arts-dramatiques-veulent-un-retour-imminent-de-la-vie-aux-planches\">Cliquez ici pour lire l&rsquo;article depuis sa source.<\/a><\/p>\n","protected":false},"excerpt":{"rendered":"<p>Ils s\u2019\u00e9tonnent de leur exclusion apr\u00e8s la reprise d\u2019autres activit\u00e9s \u00e9conomiques Les dramaturges sont en col\u00e8re. Cette fois-ci, c\u2019est le Syndicat marocain des professionnels des arts dramatiques qui s\u2019exprime sur \u00abson \u00e9tonnement et son angoisse intenses\u00bb de par la n\u00e9gligence du gouvernement des appels de cette structure quant au maintien des mesures de pr\u00e9vention, li\u00e9es [&hellip;]<\/p>\n","protected":false},"author":1759,"featured_media":0,"comment_status":"closed","ping_status":"closed","sticky":false,"template":"","format":"standard","meta":{"fifu_image_url":"http:\/\/aujourdhui.ma\/wp-content\/uploads\/2021\/05\/Les-professionnels-des-arts-dramatiques-veulent-un-retour-imminent-de-la-vie-aux-planches.jpg","fifu_image_alt":"Les professionnels des arts dramatiques veulent un retour imminent de la vie aux planches","footnotes":""},"categories":[73,54],"tags":[],"class_list":["post-117280","post","type-post","status-publish","format-standard","hentry","category-actualite","category-maroc"],"_links":{"self":[{"href":"https:\/\/linitiative.ca\/International\/wp-json\/wp\/v2\/posts\/117280","targetHints":{"allow":["GET"]}}],"collection":[{"href":"https:\/\/linitiative.ca\/International\/wp-json\/wp\/v2\/posts"}],"about":[{"href":"https:\/\/linitiative.ca\/International\/wp-json\/wp\/v2\/types\/post"}],"author":[{"embeddable":true,"href":"https:\/\/linitiative.ca\/International\/wp-json\/wp\/v2\/users\/1759"}],"replies":[{"embeddable":true,"href":"https:\/\/linitiative.ca\/International\/wp-json\/wp\/v2\/comments?post=117280"}],"version-history":[{"count":0,"href":"https:\/\/linitiative.ca\/International\/wp-json\/wp\/v2\/posts\/117280\/revisions"}],"wp:attachment":[{"href":"https:\/\/linitiative.ca\/International\/wp-json\/wp\/v2\/media?parent=117280"}],"wp:term":[{"taxonomy":"category","embeddable":true,"href":"https:\/\/linitiative.ca\/International\/wp-json\/wp\/v2\/categories?post=117280"},{"taxonomy":"post_tag","embeddable":true,"href":"https:\/\/linitiative.ca\/International\/wp-json\/wp\/v2\/tags?post=117280"}],"curies":[{"name":"wp","href":"https:\/\/api.w.org\/{rel}","templated":true}]}}