{"id":117283,"date":"2021-05-23T14:00:00","date_gmt":"2021-05-23T18:00:00","guid":{"rendered":"https:\/\/linitiative.ca\/International\/bourita-madrid-tente-dutiliser-les-evenements-de-sebta-comme-le-salut-pour-sortir-du-debat-reel-sur-la-crise\/"},"modified":"2021-05-23T14:00:00","modified_gmt":"2021-05-23T18:00:00","slug":"bourita-madrid-tente-dutiliser-les-evenements-de-sebta-comme-le-salut-pour-sortir-du-debat-reel-sur-la-crise","status":"publish","type":"post","link":"https:\/\/linitiative.ca\/International\/bourita-madrid-tente-dutiliser-les-evenements-de-sebta-comme-le-salut-pour-sortir-du-debat-reel-sur-la-crise\/","title":{"rendered":"Bourita: Madrid tente d\u2019utiliser les \u00e9v\u00e9nements de Sebta comme \u00able salut pour sortir du d\u00e9bat r\u00e9el\u00bb sur la crise"},"content":{"rendered":"<p class=\"has-vivid-red-color has-text-color\"><strong>L\u2019Espagne tente d\u2019utiliser ce qui s\u2019est pass\u00e9 dans le pr\u00e9side occup\u00e9 de Sebta comme \u00able salut pour sortir du d\u00e9bat r\u00e9el\u00bb sur la crise maroco-espagnole relative \u00e0 l\u2019accueil par Madrid du d\u00e9nomm\u00e9 Brahim Ghali, poursuivi pourtant pour crimes de guerre, crimes contre l\u2019humanit\u00e9, viol et violations des droits de l\u2019homme, a indiqu\u00e9 le ministre des Affaires \u00e9trang\u00e8res, de la Coop\u00e9ration africaine et des Marocains r\u00e9sidant \u00e0 l\u2019\u00e9tranger, M. Nasser Bourita.<\/strong><\/p>\n<p>\u00abLe registre du Maroc dans la lutte contre la migration clandestine est connu\u00bb, a d\u00e9clar\u00e9 \u00e0 la MAP M. Bourita, soulignant que ce qui s\u2019est pass\u00e9 dans l\u2019enclave occup\u00e9e de Sebta vient rappeler d\u2019abord le co\u00fbt que le Royaume assume pour pr\u00e9server le bon voisinage.<\/p>\n<p>En mati\u00e8re de lutte contre la migration ill\u00e9gale, \u00able Maroc n\u2019a pas besoin d\u2019\u00eatre not\u00e9 par l\u2019Espagne et ses m\u00e9dias\u00bb, a-t-il indiqu\u00e9, rappelant, dans ce cadre, que le Maroc a avort\u00e9 13.000 tentatives d\u2019immigration irr\u00e9guli\u00e8re depuis 2017, d\u00e9mantel\u00e9 4.163 r\u00e9seaux de trafics et enregistr\u00e9 48 tentatives d\u2019assaut sur Sebta.<\/p>\n<p>\u00abIl y a une r\u00e9alit\u00e9, il y a des chiffres qui m\u00e9ritent reconnaissance\u00bb, a soutenu M. Bourita, soulignant que ce qui s\u2019est pass\u00e9 dans le pr\u00e9side occup\u00e9 rappelle aussi \u00able co\u00fbt financier que le Maroc assume pour ce bon voisinage, que certains ont malmen\u00e9 ces derniers jours\u00bb.<\/p>\n<p>\u00abL\u2019Europe ne nous donne m\u00eame pas 20% du co\u00fbt que le Maroc assume dans la lutte contre la migration clandestine\u00bb, a-t-il dit, pr\u00e9cisant que les \u00e9v\u00e9nements de ces derniers jours ont montr\u00e9 que 99% de l\u2019effort de lutte est fait par le Maroc contre \u00abrien de l\u2019autre c\u00f4t\u00e9\u00bb, a affirm\u00e9 M. Bourita, qui a rejet\u00e9 les accusations de chantage de l\u2019Espagne contre le Maroc \u00abqui mobilise ses forces de s\u00e9curit\u00e9 et qui paie de son budget pour pr\u00e9server son voisinage\u00bb.<\/p>\n<p>\u00abLe Maroc n\u2019est pas le gendarme, mais il est toujours un acteur responsable\u00bb en mati\u00e8re de lutte contre la migration clandestine, a dit le ministre des Affaires \u00e9trang\u00e8res, soulignant que le Royaume est \u00e9galement en droit d\u2019exiger la m\u00eame responsabilit\u00e9, le m\u00eame engagement et la m\u00eame confiance de ses partenaires.<\/p>\n<p>\u00abLe bon voisinage et le partenariat ne sont pas des slogans. On doit les incarner. Malheureusement ce que le Maroc a re\u00e7u depuis le 17 avril n\u2019est pas des preuves de bon voisinage ni de partenariat. Le Maroc d\u2019aujourd\u2019hui n\u2019accepte plus ce genre de double langage\u00bb, a-t-il dit.<\/p>\n<p>L\u2019Espagne, a indiqu\u00e9 M. Bourita, fait payer \u00e0 l\u2019Europe le prix de sa maladresse et doit expliquer \u00e0 l\u2019Europe comment un pays membre de l\u2019UE admet sur le territoire europ\u00e9en des gens avec une fausse identit\u00e9.<\/p>\n<p>Madrid, a-t-il ajout\u00e9, doit \u00e9galement expliquer \u00e0 ses pairs europ\u00e9ens comment elle peut abriter sur le territoire europ\u00e9en quelqu\u2019un qui est poursuivi pour crimes de guerre, crimes contre l\u2019humanit\u00e9, viol et violations des droits de l\u2019homme et comment une femme viol\u00e9e, qui demande son droit, doit attendre que les deux ministres des Affaires \u00e9trang\u00e8res, espagnole et alg\u00e9rien, coordonnent.<\/p>\n<p>Auteur: M&rsquo;hammed rahal<br \/>\n<a href=\"http:\/\/albayane.press.ma\/bourita-madrid-tente-dutiliser-les-evenements-de-sebta-comme-le-salut-pour-sortir-du-debat-reel-sur-la-crise.html\">Cliquez ici pour lire l&rsquo;article depuis sa source.<\/a><\/p>\n","protected":false},"excerpt":{"rendered":"<p>L\u2019Espagne tente d\u2019utiliser ce qui s\u2019est pass\u00e9 dans le pr\u00e9side occup\u00e9 de Sebta comme \u00able salut pour sortir du d\u00e9bat r\u00e9el\u00bb sur la crise maroco-espagnole relative \u00e0 l\u2019accueil par Madrid du d\u00e9nomm\u00e9 Brahim Ghali, poursuivi pourtant pour crimes de guerre, crimes contre l\u2019humanit\u00e9, viol et violations des droits de l\u2019homme, a indiqu\u00e9 le ministre des [&hellip;]<\/p>\n","protected":false},"author":1760,"featured_media":0,"comment_status":"closed","ping_status":"closed","sticky":false,"template":"","format":"standard","meta":{"fifu_image_url":"","fifu_image_alt":"","footnotes":""},"categories":[73,54],"tags":[],"class_list":["post-117283","post","type-post","status-publish","format-standard","hentry","category-actualite","category-maroc"],"_links":{"self":[{"href":"https:\/\/linitiative.ca\/International\/wp-json\/wp\/v2\/posts\/117283","targetHints":{"allow":["GET"]}}],"collection":[{"href":"https:\/\/linitiative.ca\/International\/wp-json\/wp\/v2\/posts"}],"about":[{"href":"https:\/\/linitiative.ca\/International\/wp-json\/wp\/v2\/types\/post"}],"author":[{"embeddable":true,"href":"https:\/\/linitiative.ca\/International\/wp-json\/wp\/v2\/users\/1760"}],"replies":[{"embeddable":true,"href":"https:\/\/linitiative.ca\/International\/wp-json\/wp\/v2\/comments?post=117283"}],"version-history":[{"count":0,"href":"https:\/\/linitiative.ca\/International\/wp-json\/wp\/v2\/posts\/117283\/revisions"}],"wp:attachment":[{"href":"https:\/\/linitiative.ca\/International\/wp-json\/wp\/v2\/media?parent=117283"}],"wp:term":[{"taxonomy":"category","embeddable":true,"href":"https:\/\/linitiative.ca\/International\/wp-json\/wp\/v2\/categories?post=117283"},{"taxonomy":"post_tag","embeddable":true,"href":"https:\/\/linitiative.ca\/International\/wp-json\/wp\/v2\/tags?post=117283"}],"curies":[{"name":"wp","href":"https:\/\/api.w.org\/{rel}","templated":true}]}}