{"id":117284,"date":"2021-05-23T14:00:00","date_gmt":"2021-05-23T18:00:00","guid":{"rendered":"https:\/\/linitiative.ca\/International\/derouler-le-tapis-rouge-meme-sanitaireau-chef-du-polisario-est-une-offense-faite-au-maroc\/"},"modified":"2021-05-23T14:00:00","modified_gmt":"2021-05-23T18:00:00","slug":"derouler-le-tapis-rouge-meme-sanitaireau-chef-du-polisario-est-une-offense-faite-au-maroc","status":"publish","type":"post","link":"https:\/\/linitiative.ca\/International\/derouler-le-tapis-rouge-meme-sanitaireau-chef-du-polisario-est-une-offense-faite-au-maroc\/","title":{"rendered":"D\u00e9rouler le tapis rouge, m\u00eame sanitaireau chef du polisario, est une offense faite au Maroc"},"content":{"rendered":"<p class=\"has-text-align-center has-vivid-red-color has-text-color\"><strong>Jean-Paul Carteron, Pr\u00e9sident-Fondateur du Forum de Crans Montana<\/strong><\/p>\n<p class=\"has-text-color c1\"><strong>La d\u00e9cision de l\u2019Espagne de \u00ab d\u00e9rouler le tapis rouge, m\u00eame sanitaire, au chef des s\u00e9paratistes, est une offense pure et simple faite au Maroc \u00bb, a soulign\u00e9 le Pr\u00e9sident-Fondateur du Forum de Crans Montana, Jean-Paul Carteron, relevant que le pays ib\u00e9rique, par cette d\u00e9cision, s\u2019est mis \u00abdans une position que l\u2019on peine \u00e0 comprendre\u00bb.<\/strong><\/p>\n<p>\u00abAujourd\u2019hui l\u2019Espagne, qui a pourtant bien d\u2019autres sujets urgents de pr\u00e9occupation, a choisi d\u2019accueillir le chef du polisario, officine patent\u00e9e anti-marocaine de l\u2019Alg\u00e9rie, pour recevoir des soins m\u00e9dicaux. Il s\u2019agit, de notori\u00e9t\u00e9 mondiale, de l\u2019ennemi implacable du Royaume. Celui-ci est poursuivi, en Espagne m\u00eame, pour des crimes tr\u00e8s graves que l\u2019on semble avoir mis entre parenth\u00e8ses\u00bb, d\u00e9crypte M. Carteron dans une analyse consacr\u00e9e \u00e0 la crise diplomatique enclench\u00e9e entre le Maroc et l\u2019Espagne apr\u00e8s l\u2019accueil en catimini et sous une fausse identit\u00e9 du d\u00e9nomm\u00e9 Brahim Ghali, mais aussi \u00e0 l\u2019attitude hostile de la diplomatie allemande envers l\u2019int\u00e9grit\u00e9 territoriale du Royaume.<\/p>\n<p>\u00abLui d\u00e9rouler un tapis rouge, m\u00eame sanitaire, est une offense pure et simple faite au Maroc alors qu\u2019\u00e0 Alger se trouvent des h\u00f4pitaux certainement tr\u00e8s performants. De surcro\u00eet, il aurait \u00e9t\u00e9 accept\u00e9 qu\u2019il utilis\u00e2t un faux nom et un faux passeport ce qui l\u00e9gitimerait d\u00e9j\u00e0 une arrestation, une poursuite p\u00e9nale et une s\u00e9rieuse peine de prison pour vous ou moi!\u00bb, a-t-il encha\u00een\u00e9.<\/p>\n<p>Il s\u2019agit-l\u00e0, a-t-il dit, \u00abd\u2019un bel exemple de tr\u00e8s \u00abmauvaise diplomatie\u00bb\u2013si l\u2019on peut encore parler de diplomatie -et de dysfonctionnement complet de la machine gouvernementale. Au mieux d\u2019ailleurs, car si en plus cela \u00e9tait d\u00e9lib\u00e9r\u00e9, il s\u2019agirait d\u2019une rupture violente et d\u00e9finitive des relations de confiance sans lesquelles notamment, la coop\u00e9ration s\u00e9curitaire ne pourrait plus exister entre les deux pays\u00bb.<\/p>\n<p>Il a fait observer dans ce sens que, l\u2019Espagne \u00aba, d\u2019un c\u00f4t\u00e9, un besoin vital de sa coop\u00e9ration avec Maroc pour tout ce qui touche notamment \u00e0 sa s\u00e9curit\u00e9, et de l\u2019autre elle l\u2019offense ouvertement.\u00bb Alors o\u00f9 est la logique? S\u2019est-il interrog\u00e9, tout en disant esp\u00e9rer \u00abqu\u2019il ne s\u2019agit que d\u2019incomp\u00e9tence\u2026\u00bb.<\/p>\n<p>\u00abCet exemple n\u2019est pas unique. Notre monde connait quotidiennement de telles situations et se trouve mis en danger par des \u00abdiplomates\u00bb qui sont en fait des militants de causes perdues. Ils s\u2019amusent avec des allumettes, se r\u00eavent en b\u00e2tisseurs d\u2019un monde \u00e0 leur mani\u00e8re mais, en fait, ils menacent gravement la Paix\u00bb, a-t-il regrett\u00e9.<\/p>\n<p>Et de poursuivre : \u00abLe ministre des affaires \u00e9trang\u00e8res, M. Nasser Bourita, a r\u00e9agi avec force devant cette situation ubuesque mais gravissime. Il a raison. Aujourd\u2019hui, on doit exiger avec vigueur le respect, le r\u00e9alisme, l\u2019honn\u00eatet\u00e9 et la transparence dans les relations internationales. On appartient \u00e0 un cercle d\u2019amiti\u00e9 et de confiance ou pas\u00bb.<\/p>\n<p>\u00abC\u2019est pour toutes ces raisons que le Forum de Crans Montana a cr\u00e9\u00e9 la World Diplomatic Academy, soutenue par un nombre d\u00e9j\u00e0 impressionnant de personnalit\u00e9s internationales. Dans son objet et parmi d\u2019autres buts il y a notamment celui de r\u00e9inventer la diplomatie en y insufflant le concept de l\u2019\u00e9l\u00e9gance\u00bb, a-t-il expliqu\u00e9.<\/p>\n<p>Dans cette analyse intitul\u00e9e \u00abEspagne et Allemagne : La \u00abdiplomatie\u00bb de certains diplomates\u00bb, M. Carteron a fait observer que \u00abdepuis un certain temps, le dogmatisme semble avoir envahi le paysage de la diplomatie internationale; les minist\u00e8res des affaires \u00e9trang\u00e8res sont souvent devenus des ONG qui se contentent de g\u00e9rer l\u2019actualit\u00e9 du jour dans un cadre militant\u00bb.<\/p>\n<p>\u00abIls n\u2019imaginent m\u00eame plus que la politique \u00e9trang\u00e8re existe! La politique \u00e9trang\u00e8re c\u2019est d\u2019abord une vision mais une vision structur\u00e9e sur le long terme, mise en \u0153uvre dans un espace temps qui ne saurait se concilier avec le tumulte et la pr\u00e9cipitation des r\u00e9seaux sociaux et le d\u00e9sir omnipr\u00e9sent d\u2019\u00eatre sans cesse visible partout et sur n\u2019importe quel sujet\u00bb, a-t-il soutenu.<\/p>\n<p>Pour le Pr\u00e9sident-Fondateur du Forum de Crans Montana, \u00abla diplomatie c\u2019est d\u2019abord, avec courtoisie et respect, s\u2019occuper de ses propres affaires, s\u2019abstenir de se m\u00ealer de celles des autres et surtout de donner des le\u00e7ons! Respecter l\u2019autre dans ses sp\u00e9cificit\u00e9s et ses sensibilit\u00e9s c\u2019est la base d\u2019une coexistence pacifique et constructive\u00bb.<\/p>\n<p>Il semblerait pourtant, a-t-il dit, que certains pensent d\u00e9tenir la v\u00e9rit\u00e9 en toutes choses, porter des valeurs d\u00e9finitives qu\u2019ils seraient missionn\u00e9s \u00e0 exporter voire imposer. \u00abIl y aurait dans le monde ceux qui savent et ont toujours raison et les autres, m\u00e9prisables car non align\u00e9s sur des valeurs qui leur sont pourtant \u00e9trang\u00e8res\u00bb.<\/p>\n<p>Auteur: M&rsquo;hammed rahal<br \/>\n<a href=\"http:\/\/albayane.press.ma\/derouler-le-tapis-rouge-meme-sanitaireau-chef-du-polisario-est-une-offense-faite-au-maroc.html\">Cliquez ici pour lire l&rsquo;article depuis sa source.<\/a><\/p>\n","protected":false},"excerpt":{"rendered":"<p>Jean-Paul Carteron, Pr\u00e9sident-Fondateur du Forum de Crans Montana La d\u00e9cision de l\u2019Espagne de \u00ab d\u00e9rouler le tapis rouge, m\u00eame sanitaire, au chef des s\u00e9paratistes, est une offense pure et simple faite au Maroc \u00bb, a soulign\u00e9 le Pr\u00e9sident-Fondateur du Forum de Crans Montana, Jean-Paul Carteron, relevant que le pays ib\u00e9rique, par cette d\u00e9cision, s\u2019est mis [&hellip;]<\/p>\n","protected":false},"author":1760,"featured_media":0,"comment_status":"closed","ping_status":"closed","sticky":false,"template":"","format":"standard","meta":{"fifu_image_url":"","fifu_image_alt":"","footnotes":""},"categories":[73,54],"tags":[],"class_list":["post-117284","post","type-post","status-publish","format-standard","hentry","category-actualite","category-maroc"],"_links":{"self":[{"href":"https:\/\/linitiative.ca\/International\/wp-json\/wp\/v2\/posts\/117284","targetHints":{"allow":["GET"]}}],"collection":[{"href":"https:\/\/linitiative.ca\/International\/wp-json\/wp\/v2\/posts"}],"about":[{"href":"https:\/\/linitiative.ca\/International\/wp-json\/wp\/v2\/types\/post"}],"author":[{"embeddable":true,"href":"https:\/\/linitiative.ca\/International\/wp-json\/wp\/v2\/users\/1760"}],"replies":[{"embeddable":true,"href":"https:\/\/linitiative.ca\/International\/wp-json\/wp\/v2\/comments?post=117284"}],"version-history":[{"count":0,"href":"https:\/\/linitiative.ca\/International\/wp-json\/wp\/v2\/posts\/117284\/revisions"}],"wp:attachment":[{"href":"https:\/\/linitiative.ca\/International\/wp-json\/wp\/v2\/media?parent=117284"}],"wp:term":[{"taxonomy":"category","embeddable":true,"href":"https:\/\/linitiative.ca\/International\/wp-json\/wp\/v2\/categories?post=117284"},{"taxonomy":"post_tag","embeddable":true,"href":"https:\/\/linitiative.ca\/International\/wp-json\/wp\/v2\/tags?post=117284"}],"curies":[{"name":"wp","href":"https:\/\/api.w.org\/{rel}","templated":true}]}}