{"id":117285,"date":"2021-05-23T14:00:00","date_gmt":"2021-05-23T18:00:00","guid":{"rendered":"https:\/\/linitiative.ca\/International\/lespagne-le-reve-dun-autre-age\/"},"modified":"2021-05-23T14:00:00","modified_gmt":"2021-05-23T18:00:00","slug":"lespagne-le-reve-dun-autre-age","status":"publish","type":"post","link":"https:\/\/linitiative.ca\/International\/lespagne-le-reve-dun-autre-age\/","title":{"rendered":"L\u2019Espagne, le r\u00eave d\u2019un autre \u00e2ge!"},"content":{"rendered":"<p class=\"has-text-align-right\"><strong>Par Mohammed Rida BRAIM (MAP)<\/strong><\/p>\n<p class=\"has-vivid-red-color has-text-color\"><strong>Personne ne conteste le caract\u00e8re universel et indivisible des droits de l\u2019homme, bien que certaines pratiques dans des pays, qui se disent d\u00e9mocratiques, viennent souvent trahir cette \u00abv\u00e9rit\u00e9 universelle\u00bb surtout quand il s\u2019agit de traiter des questions li\u00e9es \u00e0 la migration ill\u00e9gale.<\/strong><\/p>\n<p>L\u2019Espagne est un exemple \u00e9difiant \u00e0 cet \u00e9gard. Le pays ib\u00e9rique qui aime \u00e0 se positionner en donneur de le\u00e7ons en mati\u00e8re de droits de l\u2019homme, n\u2019h\u00e9site pas \u00e0 maltraiter les immigr\u00e9s, sans consid\u00e9ration aucune \u00e0 leurs conditions de femmes, de malades ou m\u00eame d\u2019enfants.<\/p>\n<p>Les images et les s\u00e9quences vid\u00e9o, prises ces derniers jours par le journaliste-citoyen \u00e0 la fronti\u00e8re avec le pr\u00e9side occup\u00e9 de Sebta, sont choquantes \u00e0 bien des \u00e9gards. Les forces de l\u2019ordre espagnoles usent de moyens jug\u00e9s disproportionn\u00e9s, ne faisant aucune distinction entre jeunes, femmes ou enfants. Tout le monde y passe, Marocains, Africains\u2026.<\/p>\n<p>L\u2019Espagne est all\u00e9e dans ses violations jusqu\u2019\u00e0 l\u2019utilisation des bombes lacrymog\u00e8nes et des balles en caoutchouc comme si elle est en guerre contre des migrants, pourtant d\u00e9sarm\u00e9s, souligne le juriste et expert en droits de l\u2019Homme, Nawfal El-Baamri, qui fustige \u00abdes sc\u00e8nes abjectes\u00bb de coups de matraques et de violence physique et morale portant gravement atteinte \u00e0 la dignit\u00e9 humaine des migrants.<\/p>\n<p>Ces pratiques condamnables interpellent fortement Madrid et avec elle toute l\u2019Union europ\u00e9enne, cens\u00e9e en principe faire pression sur l\u2019Espagne pour qu\u2019elle respecte le droit des migrants et plus particuli\u00e8rement des enfants et des mineurs, qui devraient \u00eatre prot\u00e9g\u00e9s conform\u00e9ment \u00e0 la Convention internationale des droits de l\u2019enfant, pr\u00e9cise Me Nawfal El-Baamri, dans une d\u00e9claration \u00e0 la MAP.<\/p>\n<p>Selon plusieurs m\u00e9dias, les migrants ont profit\u00e9 d\u2019une baisse de garde des autorit\u00e9s espagnoles pour \u00abdes raisons encore inconnues\u00bb dans le pr\u00e9side occup\u00e9 de Sebta, pour y entamer une entr\u00e9e p\u00e9rilleuse malgr\u00e9 les efforts de lutte des autorit\u00e9s marocaines.<\/p>\n<p>Certains organes de presse, citant des sources inform\u00e9es \u00e0 Sebta, sont all\u00e9s jusqu\u2019\u00e0 accuser la police espagnole de complicit\u00e9 dans cet exode. Certaines parties en Espagne \u00abjouent au feu\u00bb, souligne-t-on, pr\u00e9cisant que les garde-fronti\u00e8res espagnols se sont retir\u00e9s, avant de revenir pour intervenir avec violence contre les immigr\u00e9s, pla\u00e7ant les enfants, dans des conditions inhumaines, \u00e0 l\u2019int\u00e9rieur de hangars utilis\u00e9s dans la contrebande, qui inondait les march\u00e9s marocains pour le grand bonheur des commer\u00e7ants espagnols et la prosp\u00e9rit\u00e9 de l\u2019enclave marocaine occup\u00e9e.<\/p>\n<p>Me El-Baamri a fortement condamn\u00e9 ces pratiques sauvages de l\u2019Espagne, \u00abun pays qui doit respecter les droits de l\u2019homme et g\u00e9rer la crise migratoire dans le respect des conventions internationales traitant la probl\u00e9matique de la migration, particuli\u00e8rement en ce qui concerne les mineurs\u00bb.<\/p>\n<p>Pour justifier l\u2019injustifiable, s\u2019offrir l\u2019approbation de l\u2019opinion publique en Espagne, en Europe et dans le monde, et au passage faire pression sur le Maroc, les autorit\u00e9s ib\u00e9riques ont fait recours \u00e0 leur arme pr\u00e9f\u00e9r\u00e9e, la d\u00e9sinformation et l\u2019intox.<\/p>\n<p>Plusieurs images et vid\u00e9os qui circulent sur les r\u00e9seaux sociaux sont anciennes et n\u2019ont rien \u00e0 voir avec la r\u00e9alit\u00e9. L\u2019Espagne tente ainsi de d\u00e9naturer la r\u00e9alit\u00e9 soit par des images, soit par des analyses d\u2019experts dans une presse acquise dans sa majorit\u00e9 au parti de l\u2019extr\u00eame droite Vox, qui ne rate aucune occasion pour t\u00e9moigner de son hostilit\u00e9 envers le voisin du sud.<\/p>\n<p>L\u2019Espagne s\u2019est lanc\u00e9e dans une campagne m\u00e9diatique hostile au Maroc dans une violation flagrante du principe de l\u2019ind\u00e9pendance des m\u00e9dias et de leur cr\u00e9dibilit\u00e9, en pr\u00e9sentant, par exemple, des images concernant des \u00e9v\u00e9nements survenus dans un autre pays comme celles d\u2019enfants marocains au large de Sebta, fustige l\u2019avocat. Ces violations espagnoles des droits des enfants et des migrants en g\u00e9n\u00e9ral se pratiquent au grand jour dans un silence strident et pour le moins complice des d\u00e9fenseurs des droits de l\u2019homme et \u00e0 leur t\u00eate, des ONGs, comme Amnesty International ou Human Right Watch, qui sont tr\u00e8s critiques \u00e0 l\u2019\u00e9gard du Maroc, pays pourtant pr\u00e9sent\u00e9 comme un mod\u00e8le en mati\u00e8re de droits de l\u2019homme et de gestion de la question migratoire.<\/p>\n<p>La r\u00e9action des autorit\u00e9s espagnoles interpelle \u00e9galement les Organisations internationales des droits de l\u2019homme, qui n\u2019ont toujours pas r\u00e9agi pour faire pression sur le gouvernement de Pedro Sanchez pour garantir la protection juridique des migrants, ce qui d\u00e9voile la vacuit\u00e9 de leurs slogans, estime Me El-Baamri.<\/p>\n<p>Ces ONGs, poursuit-il, se sont transform\u00e9es en une arme braqu\u00e9e contre des pays particuliers dans le but de les apprivoiser au service d\u2019un agenda d\u2019une extr\u00eame droite europ\u00e9enne, qui n\u2019arrive toujours pas \u00e0 se d\u00e9barrasser de ses id\u00e9ologies colonialistes.<\/p>\n<p>Cette politique de deux poids deux mesures pratiqu\u00e9e par Madrid est condamnable. Elle contraste avec la politique claire et int\u00e9gr\u00e9e du Maroc en mati\u00e8re de gestion migratoire, une politique jug\u00e9e responsable et solidaire.<\/p>\n<p>Le Royaume, qui m\u00e8ne dans ce secteur une strat\u00e9gie empreinte d\u2019un sens \u00e9lev\u00e9 d\u2019humanisme, s\u2019est engag\u00e9 depuis plusieurs ann\u00e9es d\u00e9j\u00e0 dans la gestion de la probl\u00e9matique migratoire selon une approche qui prot\u00e8ge les droits des migrants et pr\u00e9serve leur dignit\u00e9, tout en refusant de r\u00e9duire ce ph\u00e9nom\u00e8ne naturel par essence au seul aspect s\u00e9curitaire.<\/p>\n<p>De ce fait, le Royaume n\u2019a pas de le\u00e7ons \u00e0 recevoir, au contraire, il est pourvoyeur d\u2019id\u00e9es dans ce sens. Champion africain de la migration, le Maroc qui abrite l\u2019Observatoire africain des migrations (OAM), est consid\u00e9r\u00e9 comme un partenaire majeur en termes de s\u00e9curit\u00e9 r\u00e9gionale. Il d\u00e9ploie d\u2019\u00e9normes efforts en vue de renforcer le contr\u00f4le de ses fronti\u00e8res et de lutter contre l\u2019immigration clandestine et les r\u00e9seaux de trafic et traite des \u00eatres humains.<\/p>\n<p>Pour le Maroc, la gestion des flux migratoires demeure une responsabilit\u00e9 partag\u00e9e entre les deux rives de la M\u00e9diterran\u00e9e. Jouer le r\u00f4le de gendarme de l\u2019Europe n\u2019est pas dans ses projets ni dans sa strat\u00e9gie.<\/p>\n<p>Cette crise hispano-marocaine a permis de d\u00e9masquer le vrai visage de l\u2019Espagne, celui d\u2019un pays gouvern\u00e9 par une classe aux vis\u00e9es colonialistes, qui souhaite ressusciter une p\u00e9riode r\u00e9volue nourrissant ainsi un r\u00eave inaccessible d\u2019une autre \u00e8re, contre un pays fier et souverain, d\u00e9positaire d\u2019une histoire et d\u2019une civilisation ancestrales.<\/p>\n<p>Auteur: M&rsquo;hammed rahal<br \/>\n<a href=\"http:\/\/albayane.press.ma\/lespagne-le-reve-dun-autre-age.html\">Cliquez ici pour lire l&rsquo;article depuis sa source.<\/a><\/p>\n","protected":false},"excerpt":{"rendered":"<p>Par Mohammed Rida BRAIM (MAP) Personne ne conteste le caract\u00e8re universel et indivisible des droits de l\u2019homme, bien que certaines pratiques dans des pays, qui se disent d\u00e9mocratiques, viennent souvent trahir cette \u00abv\u00e9rit\u00e9 universelle\u00bb surtout quand il s\u2019agit de traiter des questions li\u00e9es \u00e0 la migration ill\u00e9gale. L\u2019Espagne est un exemple \u00e9difiant \u00e0 cet \u00e9gard. [&hellip;]<\/p>\n","protected":false},"author":1760,"featured_media":0,"comment_status":"closed","ping_status":"closed","sticky":false,"template":"","format":"standard","meta":{"fifu_image_url":"","fifu_image_alt":"","footnotes":""},"categories":[73,54],"tags":[],"class_list":["post-117285","post","type-post","status-publish","format-standard","hentry","category-actualite","category-maroc"],"_links":{"self":[{"href":"https:\/\/linitiative.ca\/International\/wp-json\/wp\/v2\/posts\/117285","targetHints":{"allow":["GET"]}}],"collection":[{"href":"https:\/\/linitiative.ca\/International\/wp-json\/wp\/v2\/posts"}],"about":[{"href":"https:\/\/linitiative.ca\/International\/wp-json\/wp\/v2\/types\/post"}],"author":[{"embeddable":true,"href":"https:\/\/linitiative.ca\/International\/wp-json\/wp\/v2\/users\/1760"}],"replies":[{"embeddable":true,"href":"https:\/\/linitiative.ca\/International\/wp-json\/wp\/v2\/comments?post=117285"}],"version-history":[{"count":0,"href":"https:\/\/linitiative.ca\/International\/wp-json\/wp\/v2\/posts\/117285\/revisions"}],"wp:attachment":[{"href":"https:\/\/linitiative.ca\/International\/wp-json\/wp\/v2\/media?parent=117285"}],"wp:term":[{"taxonomy":"category","embeddable":true,"href":"https:\/\/linitiative.ca\/International\/wp-json\/wp\/v2\/categories?post=117285"},{"taxonomy":"post_tag","embeddable":true,"href":"https:\/\/linitiative.ca\/International\/wp-json\/wp\/v2\/tags?post=117285"}],"curies":[{"name":"wp","href":"https:\/\/api.w.org\/{rel}","templated":true}]}}