{"id":117286,"date":"2021-05-23T14:00:00","date_gmt":"2021-05-23T18:00:00","guid":{"rendered":"https:\/\/linitiative.ca\/International\/quand-lafp-sacrifie-la-deontologie-sur-lautel-du-sensationnalisme\/"},"modified":"2021-05-23T14:00:00","modified_gmt":"2021-05-23T18:00:00","slug":"quand-lafp-sacrifie-la-deontologie-sur-lautel-du-sensationnalisme","status":"publish","type":"post","link":"https:\/\/linitiative.ca\/International\/quand-lafp-sacrifie-la-deontologie-sur-lautel-du-sensationnalisme\/","title":{"rendered":"Quand l\u2019AFP sacrifie la d\u00e9ontologie sur l\u2019autel du sensationnalisme"},"content":{"rendered":"<p class=\"has-text-align-center\"><strong>Ev\u00e9nements de Sebta<\/strong><\/p>\n<p class=\"has-vivid-red-color has-text-color\"><strong>Le bureau de l\u2019AFP \u00e0 Rabat a une longue histoire avec le Maroc. Son traitement des diff\u00e9rents \u00e9v\u00e8nements qui se d\u00e9roulent sous nos latitudes a tr\u00e8s souvent \u00e9volu\u00e9 au gr\u00e9 des opinions et des convictions de ses correspondants, militant pour une cause ou une autre, sans cette capacit\u00e9 de se d\u00e9partir de cette posture de donneur de le\u00e7on en se contentant de d\u00e9crire tout simplement les faits, tous les faits en respectant la d\u00e9ontologie.<\/strong><\/p>\n<p>La couverture des \u00e9v\u00e9nements de Sebta par les envoy\u00e9s \u00abtr\u00e8s sp\u00e9ciaux \u00bb de l\u2019AFP, proc\u00e8de de cette d\u00e9marche peu \u00e9thique de vouloir diaboliser le Maroc et saboter son image \u00e0 la fois aux yeux des Europ\u00e9ens et aux yeux d\u2019une certaine \u00e9lite marocaine friande de lire l\u2019actualit\u00e9 de son pays \u00e0 travers les m\u00e9dias de l\u2019hexagone.<\/p>\n<p>Dans ce cas d\u2019esp\u00e8ce, l\u2019AFP s\u2019est vite lanc\u00e9e d\u00e8s la premi\u00e8re d\u00e9p\u00eache dans une logorrh\u00e9e accusatrice, laissant croire que le Maroc a laiss\u00e9 d\u00e9lib\u00e9r\u00e9ment passer les migrants, en repr\u00e9sailles \u00e0 la d\u00e9cision de Madrid d\u2019accueillir, dans des conditions obscures, le chef des s\u00e9paratistes du polisario pour le soigner dans ses h\u00f4pitaux.\u00a0 Pour l\u2019AFP, la ligne de fracture est d\u2019embl\u00e9e trac\u00e9e. Le verdict, lui, est pr\u00e9\u00e9tabli et il est sans appel : les autorit\u00e9s marocaines sont accus\u00e9es d\u2019avoir \u00ab d\u00e9lib\u00e9r\u00e9ment \u00bb ouvert les vannes du flux migratoire massif vers Sebta.<\/p>\n<p>Les correspondants de l\u2019AFP s\u2019autoproclament justiciers au d\u00e9triment de leur mission d\u2019informer en toute objectivit\u00e9 et se permettent d\u2019accuser les uns et d\u2019innocenter, voire victimiser les autres.<\/p>\n<p>Faisant preuve d\u2019un traitement asym\u00e9trique et s\u00e9lectif flagrant, l\u2019AFP n\u2019a pas par exemple jug\u00e9 utile pour ses lecteurs de rendre compte d\u2019une vid\u00e9o montrant des gardes civils espagnols jeter \u00e0 la mer des migrants, \u00e0 coups de matraques.<\/p>\n<p>Dans la m\u00eame veine, l\u2019agence fran\u00e7aise emprunte la piste glissante d\u2019un r\u00e9flexe eurocentriste d\u00e9pass\u00e9 pour nous apprendre par tropisme colonial que \u00ab les fronti\u00e8res de l\u2019Europe se terminent en Afrique\u00bb. Plus d\u2019une aberration, un complexe qu\u2019elle tra\u00eene comme un boulet depuis des si\u00e8cles, aux d\u00e9pens de l\u2019\u00e9vidence historique et g\u00e9ographique, au m\u00e9pris de l\u2019exigence de v\u00e9rit\u00e9 qui doit guider le travail \u00ab des historiens de l\u2019instant \u00bb, le cas \u00e9ch\u00e9ant les correspondants de l\u2019AFP.<\/p>\n<p>Tout comme son traitement de la question du Sahara marocain quand ses correspondants \u00e0 Alger installent la pseudo \u00ab RASD \u00bb dans leurs d\u00e9p\u00eaches sans prendre les pr\u00e9cautions d\u2019usage en sp\u00e9cifiant qu\u2019il s\u2019agit d\u2019une entit\u00e9 autoproclam\u00e9e, non reconnue par la communaut\u00e9 internationale, le traitement des \u00e9v\u00e9nements de Sebta d\u00e9note d\u2019une hostilit\u00e9 devenue syst\u00e9matique quand l\u2019AFP \u00e9voque le sujet Maroc.<\/p>\n<p>Le traitement m\u00e9diatique r\u00e9serv\u00e9 par l\u2019AFP \u00e0 la crise migratoire, dont l\u2019Europe partage une responsabilit\u00e9 majeure, a pris la forme d\u2019un v\u00e9ritable matraquage.<\/p>\n<p>A Sebta, tous les genres journalistiques ont \u00e9t\u00e9 exp\u00e9riment\u00e9s (reportages, papiers d\u2019angle, portraits) avec un accent exag\u00e9r\u00e9 et un exc\u00e8s de z\u00e8le av\u00e9r\u00e9 sur les aspects pr\u00e9sentant le Maroc comme \u00ab un agresseur \u00bb, sur son propre territoire. Sebta et Mellilia ne sont-elles pas marocaines ?. Comme cet exercice mis\u00e9rabiliste et mesquin auquel s\u2019est pr\u00eat\u00e9 l\u2019AFP quand elle parle de \u00ab panique, piti\u00e9 et col\u00e8re face \u00e0 la vague de migrants\u00bb ou encore quand elle justifie l\u2019acc\u00e8s de ces migrants \u00e0 Sebta par un climat social, fruit de son imaginaire d\u00e9gradant : \u00abLa plupart des nouveaux venus sont de jeunes hommes, parfois adolescents, qui ont nag\u00e9 jusqu\u2019\u00e0 la plage de Ceuta dans l\u2019espoir de trouver du travail et d\u2019\u00e9chapper \u00e0 la pauvret\u00e9, au ch\u00f4mage et \u00e0 la faim au Maroc\u00bb, rapporte l\u2019agence officielle fran\u00e7aise pour qui tous les pr\u00e9textes sont bons d\u00e8s lors que cela sert \u00e0 ternir l\u2019image du Maroc.<\/p>\n<p>On aura tout vu et tout entendu\u2026 sauf la v\u00e9rit\u00e9 dans ce travail cyniquement orient\u00e9 pour servir les desseins cach\u00e9s d\u2019une agence de presse en perte de rep\u00e8res.<\/p>\n<p>Auteur: M&rsquo;hammed rahal<br \/>\n<a href=\"http:\/\/albayane.press.ma\/quand-lafp-sacrifie-la-deontologie-sur-lautel-du-sensationnalisme.html\">Cliquez ici pour lire l&rsquo;article depuis sa source.<\/a><\/p>\n","protected":false},"excerpt":{"rendered":"<p>Ev\u00e9nements de Sebta Le bureau de l\u2019AFP \u00e0 Rabat a une longue histoire avec le Maroc. Son traitement des diff\u00e9rents \u00e9v\u00e8nements qui se d\u00e9roulent sous nos latitudes a tr\u00e8s souvent \u00e9volu\u00e9 au gr\u00e9 des opinions et des convictions de ses correspondants, militant pour une cause ou une autre, sans cette capacit\u00e9 de se d\u00e9partir de [&hellip;]<\/p>\n","protected":false},"author":1760,"featured_media":0,"comment_status":"closed","ping_status":"closed","sticky":false,"template":"","format":"standard","meta":{"fifu_image_url":"","fifu_image_alt":"","footnotes":""},"categories":[73,54],"tags":[],"class_list":["post-117286","post","type-post","status-publish","format-standard","hentry","category-actualite","category-maroc"],"_links":{"self":[{"href":"https:\/\/linitiative.ca\/International\/wp-json\/wp\/v2\/posts\/117286","targetHints":{"allow":["GET"]}}],"collection":[{"href":"https:\/\/linitiative.ca\/International\/wp-json\/wp\/v2\/posts"}],"about":[{"href":"https:\/\/linitiative.ca\/International\/wp-json\/wp\/v2\/types\/post"}],"author":[{"embeddable":true,"href":"https:\/\/linitiative.ca\/International\/wp-json\/wp\/v2\/users\/1760"}],"replies":[{"embeddable":true,"href":"https:\/\/linitiative.ca\/International\/wp-json\/wp\/v2\/comments?post=117286"}],"version-history":[{"count":0,"href":"https:\/\/linitiative.ca\/International\/wp-json\/wp\/v2\/posts\/117286\/revisions"}],"wp:attachment":[{"href":"https:\/\/linitiative.ca\/International\/wp-json\/wp\/v2\/media?parent=117286"}],"wp:term":[{"taxonomy":"category","embeddable":true,"href":"https:\/\/linitiative.ca\/International\/wp-json\/wp\/v2\/categories?post=117286"},{"taxonomy":"post_tag","embeddable":true,"href":"https:\/\/linitiative.ca\/International\/wp-json\/wp\/v2\/tags?post=117286"}],"curies":[{"name":"wp","href":"https:\/\/api.w.org\/{rel}","templated":true}]}}