{"id":117287,"date":"2021-05-23T14:00:00","date_gmt":"2021-05-23T18:00:00","guid":{"rendered":"https:\/\/linitiative.ca\/International\/quand-des-prejuges-ecules-remplacent-la-ligne-editoriale\/"},"modified":"2021-05-23T14:00:00","modified_gmt":"2021-05-23T18:00:00","slug":"quand-des-prejuges-ecules-remplacent-la-ligne-editoriale","status":"publish","type":"post","link":"https:\/\/linitiative.ca\/International\/quand-des-prejuges-ecules-remplacent-la-ligne-editoriale\/","title":{"rendered":"Quand des pr\u00e9jug\u00e9s \u00e9cul\u00e9s remplacent la ligne \u00e9ditoriale"},"content":{"rendered":"<p class=\"has-text-align-center has-vivid-cyan-blue-color has-text-color\"><strong>L\u2019Agence EFE et la crise maroco-espagnole<\/strong><\/p>\n<p class=\"has-text-align-right\"><strong>Par Rachid MAMOUNI (MAP)<\/strong><\/p>\n<p class=\"has-vivid-red-color has-text-color\"><strong>Le correspondant de l\u2019Agence officielle espagnole EFE a commis une \u00abanalyse \u00bb saugrenue au sujet de la crise diplomatique entre le Maroc et l\u2019Espagne.<\/strong><\/p>\n<p>Il s\u2019en est tellement m\u00eal\u00e9 les pinceaux au point d\u2019inviter \u00e0 ce bouillon de contre-v\u00e9rit\u00e9s \u2013 qui lui tient de papier sign\u00e9 dans le jargon des agences de presse- l\u2019ex-pr\u00e9sident am\u00e9ricain Donald Trump, Isra\u00ebl et l\u2019Allemagne.<\/p>\n<p>Bon Dieu ! que viennent faire un ancien chef d\u2019Etat et deux pays lointains dans une crise bilat\u00e9rale, entre deux pays voisins, suppos\u00e9s \u00eatre des partenaires loyaux, mais que l\u2019un d\u2019entre eux, trop confiant et trop suffisant, a ass\u00e9n\u00e9 un coup de poignard dans le dos de l\u2019autre et lui intime l\u2019ordre de se taire.<\/p>\n<p>Le r\u00e9sultat livr\u00e9 ce samedi par le correspondant de EFE est un article que le plus avis\u00e9 des observateurs aura du mal \u00e0 en saisir le sens ou le bienfond\u00e9.<\/p>\n<p>Son seul m\u00e9rite est d\u2019ajouter une bonne dose de confusion \u00e0 l\u2019attitude espagnole, devenue un v\u00e9ritable capharna\u00fcm indigne d\u2019un pays d\u00e9mocratique.<\/p>\n<p>La fuite en avant dans cette crise semble \u00eatre une sp\u00e9cialit\u00e9 espagnole. Ni le gouvernement de Madrid, ni le correspondant de EFE \u00e0 Rabat, sens\u00e9 conna\u00eetre la r\u00e9alit\u00e9 et les codes du Maroc, et encore moins les commentateurs et chroniqueurs de la presse ib\u00e9rique ne veulent reconnaitre l\u2019origine de la crise. Pourtant \u00e9vidente.<\/p>\n<p>Pour la \u00e9ni\u00e8me fois, l\u2019origine de la crise maroco-espagnole est l\u2019individu qui dort sur un lit d\u2019h\u00f4pital \u00e0 Logrono, dans le nord du pays.<\/p>\n<p>Le correspondant de EFE, qui passe son temps \u00e0 \u00e9grener les d\u00e9p\u00eaches de la MAP sur cette crise \u2013 Il tient para\u00eet-il des statistiques quotidiennes qu\u2019il partage sur ses r\u00e9seaux sociaux \u2013 aurait \u00e9t\u00e9 mieux inspir\u00e9 de comprendre et transmettre \u00e0 son agence et au public espagnol la requ\u00eate du Maroc pourtant basique et limpide.\u00a0 Elle tient en quelques interrogations : Pourquoi l\u2019Espagne, qui se dit partenaire strat\u00e9gique du Maroc, re\u00e7oit en cachette un criminel de guerre, ennemi d\u00e9clar\u00e9 du Royaume ? Pourquoi Madrid a omis sciemment d\u2019en informer le Maroc ? Quel motif imp\u00e9rieux justifierait que l\u2019ex\u00e9cutif espagnol voudrait cacher au pouvoir judiciaire la pr\u00e9sence d\u2019un accus\u00e9 pour crime contre l\u2019humanit\u00e9?<\/p>\n<p>Puisque nous en sommes aux statistiques, EFE a produit pas moins de 12 articles \u00e9ditorialisants, dont cinq sign\u00e9s par son chef de bureau \u00e0 Rabat. Des papiers dans lesquels les pr\u00e9jug\u00e9s le disputent \u00e0 la mauvaise foi. Les id\u00e9es pr\u00e9con\u00e7ues, empaquet\u00e9s et toutes faites suintent entre les lignes.<\/p>\n<p>Dans la crise migratoire survenue dans le pr\u00e9side occup\u00e9 de Sebta, EFE a sorti la grosse artillerie qui a bombard\u00e9, comme du temps r\u00e9volu de la canonni\u00e8re, depuis Madrid, Bruxelles et Rabat avec des centaines de d\u00e9p\u00eaches qui d\u00e9peignent l\u2019Espagne comme une grande d\u00e9mocratie victime de la crise et le Maroc, comme le gendarme vulgaire qui n\u2019a pas accompli la t\u00e2che qu\u2019on lui a assign\u00e9e.<\/p>\n<p>Non, Messieurs les ib\u00e8res ! Le Maroc est un pays souverain dont les autorit\u00e9s s\u00e9curitaires ne sont pas des mercenaires au service d\u2019autres pays. Le partenariat loyal est une autoroute \u00e0 double sens. L\u2019Espagne a choisi volontairement de le rendre (le partenariat) un sentier non carrossable \u00e0 sens unique, pour son propre int\u00e9r\u00eat, en accueillant chez elle un g\u00e9nocidaire et en cachant ses agissements \u00e0 sa propre opinion publique.<\/p>\n<p>Le r\u00f4le universellement reconnu \u00e0 la presse dans ces conditions est de faire entendre les opinions, les arguments et les requ\u00eates des uns et des autres. En somme, \u00eatre un facilitateur, un instrument de rapprochement ou informer tout simplement.<\/p>\n<p>Comme ses donneurs d\u2019ordre \u00e0 Madrid, l\u2019agence EFE a choisi de jouer les pyromanes. Son correspondant \u00e0 Rabat jette l\u2019huile sur le feu \u00e0 coup de d\u00e9p\u00eaches tendancieuses et de surench\u00e8res sur les r\u00e9seaux sociaux. Son long s\u00e9jour au Maroc n\u2019aura malheureusement pas \u2013 pour lui \u2013 adouci ses pr\u00e9jug\u00e9s d\u2019origine.<\/p>\n<p>Auteur: M&rsquo;hammed rahal<br \/>\n<a href=\"http:\/\/albayane.press.ma\/quand-des-prejuges-ecules-remplacent-la-ligne-editoriale.html\">Cliquez ici pour lire l&rsquo;article depuis sa source.<\/a><\/p>\n","protected":false},"excerpt":{"rendered":"<p>L\u2019Agence EFE et la crise maroco-espagnole Par Rachid MAMOUNI (MAP) Le correspondant de l\u2019Agence officielle espagnole EFE a commis une \u00abanalyse \u00bb saugrenue au sujet de la crise diplomatique entre le Maroc et l\u2019Espagne. Il s\u2019en est tellement m\u00eal\u00e9 les pinceaux au point d\u2019inviter \u00e0 ce bouillon de contre-v\u00e9rit\u00e9s \u2013 qui lui tient de papier [&hellip;]<\/p>\n","protected":false},"author":1760,"featured_media":0,"comment_status":"closed","ping_status":"closed","sticky":false,"template":"","format":"standard","meta":{"fifu_image_url":"","fifu_image_alt":"","footnotes":""},"categories":[73,54],"tags":[],"class_list":["post-117287","post","type-post","status-publish","format-standard","hentry","category-actualite","category-maroc"],"_links":{"self":[{"href":"https:\/\/linitiative.ca\/International\/wp-json\/wp\/v2\/posts\/117287","targetHints":{"allow":["GET"]}}],"collection":[{"href":"https:\/\/linitiative.ca\/International\/wp-json\/wp\/v2\/posts"}],"about":[{"href":"https:\/\/linitiative.ca\/International\/wp-json\/wp\/v2\/types\/post"}],"author":[{"embeddable":true,"href":"https:\/\/linitiative.ca\/International\/wp-json\/wp\/v2\/users\/1760"}],"replies":[{"embeddable":true,"href":"https:\/\/linitiative.ca\/International\/wp-json\/wp\/v2\/comments?post=117287"}],"version-history":[{"count":0,"href":"https:\/\/linitiative.ca\/International\/wp-json\/wp\/v2\/posts\/117287\/revisions"}],"wp:attachment":[{"href":"https:\/\/linitiative.ca\/International\/wp-json\/wp\/v2\/media?parent=117287"}],"wp:term":[{"taxonomy":"category","embeddable":true,"href":"https:\/\/linitiative.ca\/International\/wp-json\/wp\/v2\/categories?post=117287"},{"taxonomy":"post_tag","embeddable":true,"href":"https:\/\/linitiative.ca\/International\/wp-json\/wp\/v2\/tags?post=117287"}],"curies":[{"name":"wp","href":"https:\/\/api.w.org\/{rel}","templated":true}]}}