{"id":117293,"date":"2021-05-24T05:30:00","date_gmt":"2021-05-24T09:30:00","guid":{"rendered":"https:\/\/linitiative.ca\/International\/les-taxis-de-la-corniche-rejettent-la-delocalisation\/"},"modified":"2021-05-24T05:30:00","modified_gmt":"2021-05-24T09:30:00","slug":"les-taxis-de-la-corniche-rejettent-la-delocalisation","status":"publish","type":"post","link":"https:\/\/linitiative.ca\/International\/les-taxis-de-la-corniche-rejettent-la-delocalisation\/","title":{"rendered":"Les \u201ctaxis de la corniche\u201d rejettent la d\u00e9localisation"},"content":{"rendered":"<div id=\"originalText\" readability=\"53\">\n<p>Les chauffeurs de taxi reliant la ville d\u2019Oran aux localit\u00e9s de la corniche ouest (A\u00efn El-Turk, Mers El-Kebir, Bousfer, El-An\u00e7or\u2026) ne veulent pas \u00eatre transf\u00e9r\u00e9s \u00e0 la p\u00eacherie Sidi El-Houari, o\u00f9 une nouvelle station a \u00e9t\u00e9 inaugur\u00e9e il y a deux ann\u00e9es.<\/p>\n<p>Actuellement domicili\u00e9s sur le Front de mer, \u00e0 proximit\u00e9 du th\u00e9\u00e2tre de verdure, ces chauffeurs de taxi estiment que le transfert pourrait impacter n\u00e9gativement leur activit\u00e9 en raison de l\u2019\u00e9loignement de la p\u00eacherie du centre-ville et contraindre les usagers \u00e0 parcourir pr\u00e8s de deux kilom\u00e8tres suppl\u00e9mentaires s\u00e9parant l\u2019actuelle station de celle de la p\u00eacherie.<\/p>\n<p>Du reste, ces transporteurs d\u00e9noncent l\u2019unilat\u00e9ralisme des autorit\u00e9s locales qui, disent-ils, ont pris la d\u00e9cision de les d\u00e9localiser sans les consulter, eux, les premiers concern\u00e9s.<\/p>\n<\/div>\n<div id=\"text_core\" readability=\"53\">\n<p>Les chauffeurs de taxi reliant la ville d\u2019Oran aux localit\u00e9s de la corniche ouest (A\u00efn El-Turk, Mers El-Kebir, Bousfer, El-An\u00e7or\u2026) ne veulent pas \u00eatre transf\u00e9r\u00e9s \u00e0 la p\u00eacherie Sidi El-Houari, o\u00f9 une nouvelle station a \u00e9t\u00e9 inaugur\u00e9e il y a deux ann\u00e9es.<\/p>\n<p>Actuellement domicili\u00e9s sur le Front de mer, \u00e0 proximit\u00e9 du th\u00e9\u00e2tre de verdure, ces chauffeurs de taxi estiment que le transfert pourrait impacter n\u00e9gativement leur activit\u00e9 en raison de l\u2019\u00e9loignement de la p\u00eacherie du centre-ville et contraindre les usagers \u00e0 parcourir pr\u00e8s de deux kilom\u00e8tres suppl\u00e9mentaires s\u00e9parant l\u2019actuelle station de celle de la p\u00eacherie.<\/p>\n<p>Du reste, ces transporteurs d\u00e9noncent l\u2019unilat\u00e9ralisme des autorit\u00e9s locales qui, disent-ils, ont pris la d\u00e9cision de les d\u00e9localiser sans les consulter, eux, les premiers concern\u00e9s.<\/p>\n<\/div>\n<p>Auteur:<br \/>\n<a href=\"https:\/\/www.liberte-algerie.com\/radar\/les-taxis-de-la-corniche-rejettent-la-delocalisation-359187\">Cliquez ici pour lire l&rsquo;article depuis sa source.<\/a><\/p>\n","protected":false},"excerpt":{"rendered":"<p>Les chauffeurs de taxi reliant la ville d\u2019Oran aux localit\u00e9s de la corniche ouest (A\u00efn El-Turk, Mers El-Kebir, Bousfer, El-An\u00e7or\u2026) ne veulent pas \u00eatre transf\u00e9r\u00e9s \u00e0 la p\u00eacherie Sidi El-Houari, o\u00f9 une nouvelle station a \u00e9t\u00e9 inaugur\u00e9e il y a deux ann\u00e9es. Actuellement domicili\u00e9s sur le Front de mer, \u00e0 proximit\u00e9 du th\u00e9\u00e2tre de verdure, [&hellip;]<\/p>\n","protected":false},"author":1742,"featured_media":0,"comment_status":"closed","ping_status":"closed","sticky":false,"template":"","format":"standard","meta":{"fifu_image_url":"","fifu_image_alt":"","footnotes":""},"categories":[73,53],"tags":[],"class_list":["post-117293","post","type-post","status-publish","format-standard","hentry","category-actualite","category-algerie"],"_links":{"self":[{"href":"https:\/\/linitiative.ca\/International\/wp-json\/wp\/v2\/posts\/117293","targetHints":{"allow":["GET"]}}],"collection":[{"href":"https:\/\/linitiative.ca\/International\/wp-json\/wp\/v2\/posts"}],"about":[{"href":"https:\/\/linitiative.ca\/International\/wp-json\/wp\/v2\/types\/post"}],"author":[{"embeddable":true,"href":"https:\/\/linitiative.ca\/International\/wp-json\/wp\/v2\/users\/1742"}],"replies":[{"embeddable":true,"href":"https:\/\/linitiative.ca\/International\/wp-json\/wp\/v2\/comments?post=117293"}],"version-history":[{"count":0,"href":"https:\/\/linitiative.ca\/International\/wp-json\/wp\/v2\/posts\/117293\/revisions"}],"wp:attachment":[{"href":"https:\/\/linitiative.ca\/International\/wp-json\/wp\/v2\/media?parent=117293"}],"wp:term":[{"taxonomy":"category","embeddable":true,"href":"https:\/\/linitiative.ca\/International\/wp-json\/wp\/v2\/categories?post=117293"},{"taxonomy":"post_tag","embeddable":true,"href":"https:\/\/linitiative.ca\/International\/wp-json\/wp\/v2\/tags?post=117293"}],"curies":[{"name":"wp","href":"https:\/\/api.w.org\/{rel}","templated":true}]}}