{"id":117296,"date":"2021-05-24T10:40:00","date_gmt":"2021-05-24T14:40:00","guid":{"rendered":"https:\/\/linitiative.ca\/International\/6-vols-hebdomadaires-de-et-vers-la-france-la-turquie-lespagne-et-la-tunisie\/"},"modified":"2021-05-24T10:40:00","modified_gmt":"2021-05-24T14:40:00","slug":"6-vols-hebdomadaires-de-et-vers-la-france-la-turquie-lespagne-et-la-tunisie","status":"publish","type":"post","link":"https:\/\/linitiative.ca\/International\/6-vols-hebdomadaires-de-et-vers-la-france-la-turquie-lespagne-et-la-tunisie\/","title":{"rendered":"6 vols hebdomadaires de et vers la France, la Turquie, l&rsquo;Espagne et la Tunisie"},"content":{"rendered":"<div id=\"originalText\" readability=\"66\">\n<p class=\"c6\">Six vols hebdomadaires seront assur\u00e9s par la compagnie nationale Air Alg\u00e9rie, \u00e0 compter du 1er juin, de et vers la France, la Turquie, l&rsquo;Espagne et la Tunisie, suite \u00e0 la d\u00e9cision relative \u00e0 l&rsquo;ouverture partielle des fronti\u00e8res a\u00e9riennes, a indiqu\u00e9 lundi un communiqu\u00e9 des services du Premier ministre.<\/p>\n<p class=\"c6\">Ainsi, trois\u00a0 vols hebdomadaires de et vers la France seront assur\u00e9s par la compagnie Air Alg\u00e9rie, \u00e0 raison de deux vols de et vers Paris et un vol de\/vers Marseille, en plus d&rsquo;un vol hebdomadaire qui sera assur\u00e9 de et vers la Turquie (Istanbul), l&rsquo;Espagne (Barcelone) et la Tunisie (Tunis), selon le communiqu\u00e9.<\/p>\n<p class=\"c6\">Dans un premier temps, seuls les a\u00e9roports d&rsquo;Alger, d&rsquo;Oran et de Constantine sont autoris\u00e9s \u00e0 accueillir les passagers \u00e0 l&rsquo;arriv\u00e9e ou en partance de ces destinations.<\/p>\n<p class=\"c6\">Ces mesures ont \u00e9t\u00e9 arr\u00eat\u00e9es lundi par le Premier ministre, Abdelaziz Djerad, au terme des consultations avec le comit\u00e9 scientifique de suivi de l&rsquo;\u00e9volution de la pand\u00e9mie du Coronavirus et l&rsquo;autorit\u00e9 sanitaire, et sur instructions du pr\u00e9sident de la R\u00e9publique, Abdelmadjid Tebboune, selon le communiqu\u00e9.<\/p>\n<p class=\"c7\"><strong>APS<\/strong><\/p>\n<\/div>\n<div id=\"text_core\" readability=\"66\">\n<p class=\"c6\">Six vols hebdomadaires seront assur\u00e9s par la compagnie nationale Air Alg\u00e9rie, \u00e0 compter du 1er juin, de et vers la France, la Turquie, l&rsquo;Espagne et la Tunisie, suite \u00e0 la d\u00e9cision relative \u00e0 l&rsquo;ouverture partielle des fronti\u00e8res a\u00e9riennes, a indiqu\u00e9 lundi un communiqu\u00e9 des services du Premier ministre.<\/p>\n<p class=\"c6\">Ainsi, trois\u00a0 vols hebdomadaires de et vers la France seront assur\u00e9s par la compagnie Air Alg\u00e9rie, \u00e0 raison de deux vols de et vers Paris et un vol de\/vers Marseille, en plus d&rsquo;un vol hebdomadaire qui sera assur\u00e9 de et vers la Turquie (Istanbul), l&rsquo;Espagne (Barcelone) et la Tunisie (Tunis), selon le communiqu\u00e9.<\/p>\n<p class=\"c6\">Dans un premier temps, seuls les a\u00e9roports d&rsquo;Alger, d&rsquo;Oran et de Constantine sont autoris\u00e9s \u00e0 accueillir les passagers \u00e0 l&rsquo;arriv\u00e9e ou en partance de ces destinations.<\/p>\n<p class=\"c6\">Ces mesures ont \u00e9t\u00e9 arr\u00eat\u00e9es lundi par le Premier ministre, Abdelaziz Djerad, au terme des consultations avec le comit\u00e9 scientifique de suivi de l&rsquo;\u00e9volution de la pand\u00e9mie du Coronavirus et l&rsquo;autorit\u00e9 sanitaire, et sur instructions du pr\u00e9sident de la R\u00e9publique, Abdelmadjid Tebboune, selon le communiqu\u00e9.<\/p>\n<p class=\"c7\"><strong>APS<\/strong><\/p>\n<\/div>\n<p>Auteur:<br \/>\n<a href=\"https:\/\/www.liberte-algerie.com\/actualite\/6-vols-hebdomadaires-de-et-vers-la-france-la-turquie-lespagne-et-la-tunisie-359250\">Cliquez ici pour lire l&rsquo;article depuis sa source.<\/a><\/p>\n","protected":false},"excerpt":{"rendered":"<p>Six vols hebdomadaires seront assur\u00e9s par la compagnie nationale Air Alg\u00e9rie, \u00e0 compter du 1er juin, de et vers la France, la Turquie, l&rsquo;Espagne et la Tunisie, suite \u00e0 la d\u00e9cision relative \u00e0 l&rsquo;ouverture partielle des fronti\u00e8res a\u00e9riennes, a indiqu\u00e9 lundi un communiqu\u00e9 des services du Premier ministre. Ainsi, trois\u00a0 vols hebdomadaires de et vers [&hellip;]<\/p>\n","protected":false},"author":1742,"featured_media":0,"comment_status":"closed","ping_status":"closed","sticky":false,"template":"","format":"standard","meta":{"fifu_image_url":"","fifu_image_alt":"","footnotes":""},"categories":[73,53],"tags":[],"class_list":["post-117296","post","type-post","status-publish","format-standard","hentry","category-actualite","category-algerie"],"_links":{"self":[{"href":"https:\/\/linitiative.ca\/International\/wp-json\/wp\/v2\/posts\/117296","targetHints":{"allow":["GET"]}}],"collection":[{"href":"https:\/\/linitiative.ca\/International\/wp-json\/wp\/v2\/posts"}],"about":[{"href":"https:\/\/linitiative.ca\/International\/wp-json\/wp\/v2\/types\/post"}],"author":[{"embeddable":true,"href":"https:\/\/linitiative.ca\/International\/wp-json\/wp\/v2\/users\/1742"}],"replies":[{"embeddable":true,"href":"https:\/\/linitiative.ca\/International\/wp-json\/wp\/v2\/comments?post=117296"}],"version-history":[{"count":0,"href":"https:\/\/linitiative.ca\/International\/wp-json\/wp\/v2\/posts\/117296\/revisions"}],"wp:attachment":[{"href":"https:\/\/linitiative.ca\/International\/wp-json\/wp\/v2\/media?parent=117296"}],"wp:term":[{"taxonomy":"category","embeddable":true,"href":"https:\/\/linitiative.ca\/International\/wp-json\/wp\/v2\/categories?post=117296"},{"taxonomy":"post_tag","embeddable":true,"href":"https:\/\/linitiative.ca\/International\/wp-json\/wp\/v2\/tags?post=117296"}],"curies":[{"name":"wp","href":"https:\/\/api.w.org\/{rel}","templated":true}]}}