{"id":117298,"date":"2021-05-24T10:18:46","date_gmt":"2021-05-24T14:18:46","guid":{"rendered":"https:\/\/linitiative.ca\/International\/convention-de-partenariat-entre-la-crdh-et-lordre-des-avocats\/"},"modified":"2021-05-24T10:18:46","modified_gmt":"2021-05-24T14:18:46","slug":"convention-de-partenariat-entre-la-crdh-et-lordre-des-avocats","status":"publish","type":"post","link":"https:\/\/linitiative.ca\/International\/convention-de-partenariat-entre-la-crdh-et-lordre-des-avocats\/","title":{"rendered":"Convention de partenariat entre la CRDH et l\u2019Ordre des avocats"},"content":{"rendered":"<p><iframe loading=\"lazy\" width=\"1170\" height=\"658\" src=\"https:\/\/www.youtube.com\/embed\/YgxJcN5O_4Q?feature=oembed\" frameborder=\"0\" allow=\"accelerometer; autoplay; clipboard-write; encrypted-media; gyroscope; picture-in-picture\" allowfullscreen=\"allowfullscreen\">[embedded content]<\/iframe><\/p>\n<div class=\"single-post-excerpt post-excerpt-bc\" readability=\"37\">\n<p>La Commission r\u00e9gionale des droits de l\u2019Homme (CRDH) de Marrakech-Safi et l\u2019Ordre des avocats de la cit\u00e9 ocre ont sign\u00e9, samedi, une convention de partenariat visant la protection et la promotion des droits de l\u2019Homme de fa\u00e7on \u00e0 pr\u00e9server la dignit\u00e9 du citoyen et garantir la pratique effective de ses droits dans un climat sain garantissant la primaut\u00e9 de la Loi et l\u2019\u00e9galit\u00e9 entre les citoyens.<\/p>\n<\/div>\n<p>Auteur: Meriem IGASS<br \/>\n<a href=\"http:\/\/www.mapmarrakech.ma\/fr\/convention-de-partenariat-entre-la-crdh-et-lordre-des-avocats-2\/\">Cliquez ici pour lire l&rsquo;article depuis sa source.<\/a><\/p>\n","protected":false},"excerpt":{"rendered":"<p>[embedded content] La Commission r\u00e9gionale des droits de l\u2019Homme (CRDH) de Marrakech-Safi et l\u2019Ordre des avocats de la cit\u00e9 ocre ont sign\u00e9, samedi, une convention de partenariat visant la protection et la promotion des droits de l\u2019Homme de fa\u00e7on \u00e0 pr\u00e9server la dignit\u00e9 du citoyen et garantir la pratique effective de ses droits dans un [&hellip;]<\/p>\n","protected":false},"author":1788,"featured_media":0,"comment_status":"closed","ping_status":"closed","sticky":false,"template":"","format":"standard","meta":{"fifu_image_url":"","fifu_image_alt":"","footnotes":""},"categories":[54,76],"tags":[],"class_list":["post-117298","post","type-post","status-publish","format-standard","hentry","category-maroc","category-regions"],"_links":{"self":[{"href":"https:\/\/linitiative.ca\/International\/wp-json\/wp\/v2\/posts\/117298","targetHints":{"allow":["GET"]}}],"collection":[{"href":"https:\/\/linitiative.ca\/International\/wp-json\/wp\/v2\/posts"}],"about":[{"href":"https:\/\/linitiative.ca\/International\/wp-json\/wp\/v2\/types\/post"}],"author":[{"embeddable":true,"href":"https:\/\/linitiative.ca\/International\/wp-json\/wp\/v2\/users\/1788"}],"replies":[{"embeddable":true,"href":"https:\/\/linitiative.ca\/International\/wp-json\/wp\/v2\/comments?post=117298"}],"version-history":[{"count":0,"href":"https:\/\/linitiative.ca\/International\/wp-json\/wp\/v2\/posts\/117298\/revisions"}],"wp:attachment":[{"href":"https:\/\/linitiative.ca\/International\/wp-json\/wp\/v2\/media?parent=117298"}],"wp:term":[{"taxonomy":"category","embeddable":true,"href":"https:\/\/linitiative.ca\/International\/wp-json\/wp\/v2\/categories?post=117298"},{"taxonomy":"post_tag","embeddable":true,"href":"https:\/\/linitiative.ca\/International\/wp-json\/wp\/v2\/tags?post=117298"}],"curies":[{"name":"wp","href":"https:\/\/api.w.org\/{rel}","templated":true}]}}