{"id":117299,"date":"2021-05-24T12:05:55","date_gmt":"2021-05-24T16:05:55","guid":{"rendered":"https:\/\/linitiative.ca\/International\/benguerir-se-dote-dun-complexe-des-services-communaux-moderne\/"},"modified":"2021-05-24T12:05:55","modified_gmt":"2021-05-24T16:05:55","slug":"benguerir-se-dote-dun-complexe-des-services-communaux-moderne","status":"publish","type":"post","link":"https:\/\/linitiative.ca\/International\/benguerir-se-dote-dun-complexe-des-services-communaux-moderne\/","title":{"rendered":"Benguerir se dote d\u2019un Complexe des services communaux moderne"},"content":{"rendered":"<div readability=\"38\">\n<p>Benguerir \u2013 Les infrastructures socio\u00e9conomiques de la ville de Benguerir, chef-lieu de la province de Rehamna, viennent d\u2019\u00eatre renforc\u00e9es, avec l\u2019inauguration lundi, d\u2019un Complexe des services communaux moderne (souk hebdomadaire).<\/p>\n<\/div>\n<div readability=\"80\">\n<p>Cette infrastructure socio\u00e9conomique, dont le lancement des travaux de construction avait \u00e9t\u00e9 donn\u00e9 par Sa Majest\u00e9 le Roi Mohammed VI lors de la visite du Souverain dans la province de Rehamna en novembre 2012, fait partie int\u00e9grante du programme de mise \u00e0 niveau urbaine de la ville de Benguerir et de l\u2019organisation des activit\u00e9s commerciales dans cette partie du territoire national.<\/p>\n<p>Ce projet de grande envergure est le fruit d\u2019un partenariat entre le minist\u00e8re de l\u2019Int\u00e9rieur (Direction G\u00e9n\u00e9rale des Collectivit\u00e9s Locales : DGCL), la province de Benguerir, le Conseil communal de Benguerir et le Conseil provincial de Rehamna.<\/p>\n<p>Ayant mobilis\u00e9 des investissements de l\u2019ordre de 50 millions de DH (acquisition du foncier et travaux de construction et \u00e9quipements), ce Complexe des services communaux, est de nature \u00e0 assurer un d\u00e9veloppement socio-\u00e9conomique durable et coh\u00e9rent, \u00e0 garantir une am\u00e9lioration des conditions de travail des commer\u00e7ants, outre la s\u00e9dentarisation des marchands ambulants et le renforcement de l\u2019attractivit\u00e9 de la ville.<\/p>\n<p>R\u00e9alis\u00e9e sur une superficie de 20 ha, dont un espace de 2 ha d\u00e9di\u00e9 \u00e0 la vente des produits d\u2019alimentation du b\u00e9tail et un autre de 5 ha destin\u00e9 au parking, cette structure devra permettre \u00e9galement d\u2019am\u00e9liorer les conditions de vie des populations des quartiers riverains de l\u2019ancien souk hebdomadaire, tout en att\u00e9nuant l\u2019embouteillage que connait le centre-ville chaque mardi.<\/p>\n<p>Le Complexe des services communaux, dont la c\u00e9r\u00e9monie d\u2019inauguration a \u00e9t\u00e9 pr\u00e9sid\u00e9e par le gouverneur de la province de Benguerir, M. Aziz Bouignane, abrite le souk hebdomadaire, le march\u00e9 de gros de fruits et l\u00e9gumes, le march\u00e9 de proximit\u00e9, un abattoir moderne, en plus des espaces de restauration et un parking pour v\u00e9hicules.<\/p>\n<p>L\u2019ouverture de Ce complexe est de nature \u00e0 booster davantage le trafic commercial et \u00e9conomique local, tout en permettant de contribuer aux efforts visant la modernisation de la ville notamment, \u00e0 travers l\u2019am\u00e9lioration de la qualit\u00e9 des services et le renforcement de sa dynamique \u00e9conomique, \u00e0 m\u00eame de cr\u00e9er de nouveaux postes d\u2019emploi et d\u2019am\u00e9liorer les conditions de travail des professionnels.<\/p>\n<\/div>\n<p>Auteur: Meriem IGASS<br \/>\n<a href=\"http:\/\/www.mapmarrakech.ma\/fr\/benguerir-se-dote-dun-complexe-des-services-communaux-moderne\/\">Cliquez ici pour lire l&rsquo;article depuis sa source.<\/a><\/p>\n","protected":false},"excerpt":{"rendered":"<p>Benguerir \u2013 Les infrastructures socio\u00e9conomiques de la ville de Benguerir, chef-lieu de la province de Rehamna, viennent d\u2019\u00eatre renforc\u00e9es, avec l\u2019inauguration lundi, d\u2019un Complexe des services communaux moderne (souk hebdomadaire). Cette infrastructure socio\u00e9conomique, dont le lancement des travaux de construction avait \u00e9t\u00e9 donn\u00e9 par Sa Majest\u00e9 le Roi Mohammed VI lors de la visite du [&hellip;]<\/p>\n","protected":false},"author":1788,"featured_media":0,"comment_status":"closed","ping_status":"closed","sticky":false,"template":"","format":"standard","meta":{"fifu_image_url":"","fifu_image_alt":"","footnotes":""},"categories":[54,76],"tags":[],"class_list":["post-117299","post","type-post","status-publish","format-standard","hentry","category-maroc","category-regions"],"_links":{"self":[{"href":"https:\/\/linitiative.ca\/International\/wp-json\/wp\/v2\/posts\/117299","targetHints":{"allow":["GET"]}}],"collection":[{"href":"https:\/\/linitiative.ca\/International\/wp-json\/wp\/v2\/posts"}],"about":[{"href":"https:\/\/linitiative.ca\/International\/wp-json\/wp\/v2\/types\/post"}],"author":[{"embeddable":true,"href":"https:\/\/linitiative.ca\/International\/wp-json\/wp\/v2\/users\/1788"}],"replies":[{"embeddable":true,"href":"https:\/\/linitiative.ca\/International\/wp-json\/wp\/v2\/comments?post=117299"}],"version-history":[{"count":0,"href":"https:\/\/linitiative.ca\/International\/wp-json\/wp\/v2\/posts\/117299\/revisions"}],"wp:attachment":[{"href":"https:\/\/linitiative.ca\/International\/wp-json\/wp\/v2\/media?parent=117299"}],"wp:term":[{"taxonomy":"category","embeddable":true,"href":"https:\/\/linitiative.ca\/International\/wp-json\/wp\/v2\/categories?post=117299"},{"taxonomy":"post_tag","embeddable":true,"href":"https:\/\/linitiative.ca\/International\/wp-json\/wp\/v2\/tags?post=117299"}],"curies":[{"name":"wp","href":"https:\/\/api.w.org\/{rel}","templated":true}]}}