{"id":117302,"date":"2021-05-24T13:20:58","date_gmt":"2021-05-24T17:20:58","guid":{"rendered":"https:\/\/linitiative.ca\/International\/des-activites-a-loccasion-de-la-journee-internationale-de-larganier\/"},"modified":"2021-05-24T13:20:58","modified_gmt":"2021-05-24T17:20:58","slug":"des-activites-a-loccasion-de-la-journee-internationale-de-larganier","status":"publish","type":"post","link":"https:\/\/linitiative.ca\/International\/des-activites-a-loccasion-de-la-journee-internationale-de-larganier\/","title":{"rendered":"Des activit\u00e9s \u00e0 l\u2019occasion de la Journ\u00e9e internationale de l\u2019Arganier"},"content":{"rendered":"<div readability=\"40\">\n<p>Essaouira \u2013 La Fondation des femmes d\u2019Essaouira pour le d\u00e9veloppement \u00e9conomique a organis\u00e9, en fin de semaine, une s\u00e9rie d\u2019activit\u00e9s \u00e0 l\u2019occasion de la Journ\u00e9e internationale de l\u2019Arganier, pour c\u00e9l\u00e9brer, comme il se doit, cet arbre embl\u00e9matique et rendre hommage \u00e0 des femmes pionni\u00e8res actives dans cette fili\u00e8re.<\/p>\n<\/div>\n<div readability=\"147\">\n<p>Ainsi, ce programme riche et vari\u00e9, concoct\u00e9 par la Fondation pour f\u00eater la cons\u00e9cration mondiale de cet arbre end\u00e9mique, comprenait le lancement, au sein de la coop\u00e9rative \u00ab\u00a0Attadamoune\u00a0\u00bb et \u00ab\u00a0Dar Argan\u00a0\u00bb, dans la commune d\u2019El Hanchane, d\u2019un programme d\u2019accompagnement et de formation en faveur des membres des coop\u00e9ratives op\u00e9rant dans cette fili\u00e8re \u00e0 forte valeur ajout\u00e9e \u00e0 l\u2019\u00e9chelle de la province.<\/p>\n<p>D\u2019autre part, il a \u00e9t\u00e9 proc\u00e9d\u00e9 \u00e0 l\u2019annonce de la mise en place du r\u00e9seau \u00ab\u00a0Aylal\u00a0\u00bb pour le d\u00e9veloppement d\u2019arganier verger, ainsi qu\u2019\u00e0 la mise sur pied d\u2019une plateforme solidaire et digitale au profit des femmes de la province d\u2019Essaouira actives dans la production des produits de terroir, outre une chorale th\u00e9\u00e2trale et musicale autour de la th\u00e9matique de l\u2019arganier et la projection d\u2019un film documentaire sur cet arbre end\u00e9mique.<\/p>\n<p>Au menu de cette initiative de la Fondation, figuraient \u00e9galement un concours pour l\u2019\u00e9lection de la \u00ab\u00a0Femme d\u2019Argan\u00a0\u00bb, avec pour objectif de valoriser le patrimoine \u00e9conomique et culturel de la province et de mettre en avant le savoir-faire des femmes qui travaillent loin des projecteurs.<\/p>\n<p>Une soir\u00e9e, rehauss\u00e9e par la participation de M. Andr\u00e9 Azoulay, Conseiller de SM le Roi et Pr\u00e9sident-Fondateur de l\u2019Association Essaouira-Mogador et du gouverneur de la province, Adil El Maliki, a \u00e9t\u00e9 aussi organis\u00e9e, samedi, au sein de l\u2019espace embl\u00e9matique de Dar Souiri.<\/p>\n<p>Au cours de cette soir\u00e9e agr\u00e9ment\u00e9e par un spectacle musical de l\u2019artiste Hicham Dinar, un vibrant hommage a \u00e9t\u00e9 rendu \u00e0 Mmes Katim Alaoui, de la Fondation Mohammed VI pour la Recherche et la Sauvegarde de l\u2019Arganier (FMVI.RSA), Zoubida Charrouf, professeure universitaire (Facult\u00e9 des sciences de Rabat) connue pour ses multiples actions pour le d\u00e9veloppement de cette fili\u00e8re, Yasmina El Bahloul, chercheuse en am\u00e9lioration des plantes et gestion des ressources g\u00e9n\u00e9tiques \u00e0 l\u2019INRA, Aziza Fasly, une femme entrepreneure ayant men\u00e9 une exp\u00e9rience de plantation de l\u2019arganier dans la r\u00e9gion de Doukkala, et \u00e0 Latifa Yaacoubi, directrice de d\u00e9veloppement des zones de l\u2019arganier \u00e0 l\u2019ANDZOA.<\/p>\n<p>Parmi les femmes honor\u00e9es figurent \u00e9galement Mmes Saida Aatar, pr\u00e9sidente de l\u2019union des coop\u00e9ratives \u00ab\u00a0Mathya\u00a0\u00bb et Zahra Knabo, pr\u00e9sidente du Groupement d\u2019int\u00e9r\u00eat \u00e9conomique \u00ab\u00a0Vitargan\u00a0\u00bb.<\/p>\n<p>Il a \u00e9t\u00e9, en outre, proc\u00e9d\u00e9 \u00e0 l\u2019annonce de la gagnante du concours de la \u00ab\u00a0Femme d\u2019Argan\u00a0\u00bb. Il s\u2019agit de Mme Najia Rachidi, pr\u00e9sidente de la coop\u00e9rative \u00ab\u00a0Okhedou\u00a0\u00bb dans la commune d\u2019Akermoud (province d\u2019Essaouira).<\/p>\n<p>Par ailleurs, un concours culinaire du meilleur plat du patrimoine de la gastronomie souirie, cuisin\u00e9 \u00e0 base de l\u2019huile d\u2019argan a \u00e9t\u00e9 organis\u00e9 \u00e0 cette occasion. Une c\u00e9r\u00e9monie s\u2019est d\u00e9roul\u00e9e, dimanche, en cl\u00f4ture de ces activit\u00e9s pour la remise des prix aux femmes gagnantes et des attestations aux participantes \u00e0 cette comp\u00e9tition.<\/p>\n<p>Dans une d\u00e9claration \u00e0 la MAP \u00e0 cette occasion, la pr\u00e9sidente de la Fondation des femmes d\u2019Essaouira pour le d\u00e9veloppement \u00e9conomique, Mme Raja Bourhim, a pass\u00e9 en revue les initiatives et les actions entreprises par son organisation pour la c\u00e9l\u00e9bration de la Journ\u00e9e internationale de l\u2019arganier, indiquant que la plateforme mise en place vise \u00e0 aider les coop\u00e9ratives f\u00e9minines \u00e0 mieux commercialiser leurs produits du terroir.<\/p>\n<p>Le lancement du programme de formation et d\u2019accompagnement des coop\u00e9ratives d\u00e9coule de la volont\u00e9 de la Fondation d\u2019engager un cycle de formation diversifi\u00e9, avec le concours de plusieurs partenaires, l\u2019objectif ultime \u00e9tant de contribuer \u00e0 la valorisation de cet \u00e9cosyst\u00e8me et, partant, au d\u00e9veloppement de la province d\u2019Essaouira, a-t-elle dit.<\/p>\n<p>Et d\u2019expliquer qu\u2019en lan\u00e7ant le concours \u00ab\u00a0Femme d\u2019Argan\u00a0\u00bb, la Fondation ambitionne de c\u00e9l\u00e9brer la femme active dans cette fili\u00e8re et de valoriser son action, ses efforts et son apport pour le d\u00e9veloppement durable de cet \u00e9cosyst\u00e8me. \u00ab\u00a0Elle peut \u00eatre la simple ouvri\u00e8re dans cette cha\u00eene comme elle peut \u00eatre la charg\u00e9e de commercialisation, la chercheuse ou encore l\u2019experte dans ce domaine\u00a0\u00bb, a-t-elle pr\u00e9cis\u00e9.<\/p>\n<p>Elle a fait savoir que la Fondation a conclu, en marge de la soir\u00e9e organis\u00e9e, \u00e0 l\u2019espace de \u00ab\u00a0Dar Souiri\u00a0\u00bb, plusieurs partenariats avec diff\u00e9rents acteurs.<\/p>\n<p>Apr\u00e8s avoir soulign\u00e9 que la r\u00e9g\u00e9n\u00e9ration de l\u2019Arganier est devenue une priorit\u00e9 strat\u00e9gique, Mme Bourhim a relev\u00e9 que le r\u00e9seau \u00ab\u00a0Aylal\u00a0\u00bb pour le d\u00e9veloppement d\u2019arganier verger se veut ainsi un projet de p\u00e9pini\u00e8re-incubateur dans ce sens.<\/p>\n<p>Ces diff\u00e9rentes activit\u00e9s ont \u00e9t\u00e9 marqu\u00e9es par la pr\u00e9sence de diplomates et de membres du cercle diplomatique de bienfaisance, de l\u2019association professionnelle pour l\u2019entreprenariat f\u00e9minin Maroc et des repr\u00e9sentants de partenaires nationaux et internationaux de la Fondation.<\/p>\n<\/div>\n<p>Auteur: Meriem IGASS<br \/>\n<a href=\"http:\/\/www.mapmarrakech.ma\/fr\/serie-dactivites-a-loccasion-de-la-journee-internationale-de-larganier\/\">Cliquez ici pour lire l&rsquo;article depuis sa source.<\/a><\/p>\n","protected":false},"excerpt":{"rendered":"<p>Essaouira \u2013 La Fondation des femmes d\u2019Essaouira pour le d\u00e9veloppement \u00e9conomique a organis\u00e9, en fin de semaine, une s\u00e9rie d\u2019activit\u00e9s \u00e0 l\u2019occasion de la Journ\u00e9e internationale de l\u2019Arganier, pour c\u00e9l\u00e9brer, comme il se doit, cet arbre embl\u00e9matique et rendre hommage \u00e0 des femmes pionni\u00e8res actives dans cette fili\u00e8re. Ainsi, ce programme riche et vari\u00e9, concoct\u00e9 [&hellip;]<\/p>\n","protected":false},"author":1788,"featured_media":0,"comment_status":"closed","ping_status":"closed","sticky":false,"template":"","format":"standard","meta":{"fifu_image_url":"","fifu_image_alt":"","footnotes":""},"categories":[54,76],"tags":[],"class_list":["post-117302","post","type-post","status-publish","format-standard","hentry","category-maroc","category-regions"],"_links":{"self":[{"href":"https:\/\/linitiative.ca\/International\/wp-json\/wp\/v2\/posts\/117302","targetHints":{"allow":["GET"]}}],"collection":[{"href":"https:\/\/linitiative.ca\/International\/wp-json\/wp\/v2\/posts"}],"about":[{"href":"https:\/\/linitiative.ca\/International\/wp-json\/wp\/v2\/types\/post"}],"author":[{"embeddable":true,"href":"https:\/\/linitiative.ca\/International\/wp-json\/wp\/v2\/users\/1788"}],"replies":[{"embeddable":true,"href":"https:\/\/linitiative.ca\/International\/wp-json\/wp\/v2\/comments?post=117302"}],"version-history":[{"count":0,"href":"https:\/\/linitiative.ca\/International\/wp-json\/wp\/v2\/posts\/117302\/revisions"}],"wp:attachment":[{"href":"https:\/\/linitiative.ca\/International\/wp-json\/wp\/v2\/media?parent=117302"}],"wp:term":[{"taxonomy":"category","embeddable":true,"href":"https:\/\/linitiative.ca\/International\/wp-json\/wp\/v2\/categories?post=117302"},{"taxonomy":"post_tag","embeddable":true,"href":"https:\/\/linitiative.ca\/International\/wp-json\/wp\/v2\/tags?post=117302"}],"curies":[{"name":"wp","href":"https:\/\/api.w.org\/{rel}","templated":true}]}}