{"id":117304,"date":"2021-05-24T09:03:53","date_gmt":"2021-05-24T13:03:53","guid":{"rendered":"https:\/\/linitiative.ca\/International\/le-maroc-na-pas-de-probleme-avec-lue-mais-avec-lespagne-qui-doit-trouver-une-solution\/"},"modified":"2021-05-24T09:03:53","modified_gmt":"2021-05-24T13:03:53","slug":"le-maroc-na-pas-de-probleme-avec-lue-mais-avec-lespagne-qui-doit-trouver-une-solution","status":"publish","type":"post","link":"https:\/\/linitiative.ca\/International\/le-maroc-na-pas-de-probleme-avec-lue-mais-avec-lespagne-qui-doit-trouver-une-solution\/","title":{"rendered":"Le Maroc n\u2019a pas de probl\u00e8me avec l\u2019UE, mais avec l\u2019Espagne qui doit trouver une solution"},"content":{"rendered":"<p class=\"c4\">Le Maroc n\u2019a pas de probl\u00e8me avec l\u2019Union Europ\u00e9enne. Il a un probl\u00e8me avec l\u2019Espagne sur une question qui touche \u00e0 ses int\u00e9r\u00eats supr\u00eames et c\u2019est \u00e0 ce pays de trouver la solution, a affirm\u00e9 le ministre des Affaires \u00e9trang\u00e8res, de la Coop\u00e9ration africaine et des Marocains r\u00e9sidant \u00e0 l\u2019\u00e9tranger, Nasser Bourita.<\/p>\n<p class=\"c4\">\u00ab\u00a0Pour le Maroc, l\u2019Espagne a cr\u00e9\u00e9 une crise par des actes. Et l\u2019Espagne, par des actes encore doit r\u00e9soudre cette crise\u00a0\u00bb, a assur\u00e9 M. Bourita, dimanche soir sur LCI.<\/p>\n<p class=\"c4\">\u00ab\u00a0Il y a dans cette affaire beaucoup d\u2019amalgames et beaucoup de discours fallacieux. Il s\u2019agit d\u2019abord d\u2019un probl\u00e8me entre le Maroc et l\u2019Espagne. Un probl\u00e8me politique\u00a0\u00bb, suite \u00e0 la d\u00e9cision de Madrid d\u2019accueillir le chef du \u00ab\u00a0Polisario\u00a0\u00bb, le d\u00e9nomm\u00e9 Brahim Ghali, a indiqu\u00e9 le ministre des Affaires \u00e9trang\u00e8res.<\/p>\n<p class=\"c4\">\u00ab\u00a0La r\u00e9alit\u00e9 est que l\u2019Espagne a introduit cette personne sur son territoire avec des documents falsifi\u00e9s et une identit\u00e9 usurp\u00e9e sans m\u00eame informer le Maroc. La r\u00e9alit\u00e9 est que cette personne est poursuivie en Espagne. Il y a au moins quatre plaintes contre lui pour viol d\u2019une citoyenne espagnole, pour torture et pour terrorisme par une association canarienne des victimes du terrorisme. Donc il s\u2019agit d\u2019un cas d\u2019Etat de droit, d\u2019application de la loi d\u2019abord espagnole et de l\u2019intervention de la justice espagnole\u00a0\u00bb, a affirm\u00e9 M. Bourita.<\/p>\n<p class=\"c4\">Selon lui, \u00ab\u00a0le Maroc a \u00e9t\u00e9 clair d\u00e8s le d\u00e9part : il s\u2019agit d\u2019un acte contre ses int\u00e9r\u00eats, d\u2019un acte d\u00e9loyal qui ne respecte m\u00eame pas la dignit\u00e9 et les int\u00e9r\u00eats des victimes espagnoles\u00a0\u00bb. Et, \u00ab\u00a0les consid\u00e9rations humanitaires qui sont avanc\u00e9es, ne sont qu\u2019un faux alibi\u00a0\u00bb. Car \u00ab\u00a0l\u2019humanitaire ne signifie pas qu\u2019on man\u0153uvre derri\u00e8re le dos du partenaire. L\u2019humanitaire pour un pays voisin ne signifie pas qu\u2019on change de passeport et qu\u2019on introduit une personne sur l\u2019espace europ\u00e9en. L\u2019humanitaire ce n\u2019est pas oublier le droit des victimes espagnoles et de d\u00e9sactiver la justice espagnole. C\u2019est cela le fond du probl\u00e8me\u00a0\u00bb.<\/p>\n<p class=\"c4\">S\u2019agissant de la question migratoire, le ministre a tenu \u00e0 rappeler quelques faits \u00ab\u00a0loin de toute \u00e9motion et loin de toute d\u00e9magogie\u00a0\u00bb.<\/p>\n<p class=\"c4\">\u00ab\u00a0Premi\u00e8rement, le Maroc n\u2019a pas pour obligation de prot\u00e9ger les fronti\u00e8res autres que les siennes. Le Maroc n\u2019a pas pour vocation d\u2019\u00eatre le gendarme de l\u2019Europe ni son concierge. Le Maroc le fait dans le cadre d\u2019un partenariat bien compris entre le Maroc et l\u2019Espagne et entre le Maroc et l\u2019Europe\u00a0\u00bb.<\/p>\n<p class=\"c4\">\u00ab\u00a0Le Maroc le fait en partenaire. Et si les fondements de ce partenariat ne sont pas respect\u00e9s, il faut demander \u00e0 l\u2019Espagne, pays europ\u00e9en est ce qu\u2019elle a consult\u00e9 l\u2019Europe avant d\u2019agir contre les int\u00e9r\u00eats de ce partenaire. Il faut demander \u00e0 l\u2019Espagne pourquoi elle a agi de mani\u00e8re frauduleuse pour un criminel de guerre dont elle connait l\u2019importance par rapport \u00e0 un sujet important pour le Maroc et les Marocains\u00a0\u00bb.<\/p>\n<p class=\"c4\">Selon le ministre des AE, \u00ab\u00a0l\u2019Espagne n\u2019a pas consult\u00e9 l\u2019Europe pour cr\u00e9er la crise. Cela est un premier fait. Le Maroc n\u2019a pas l\u2019obligation. Le Maroc le fait en tant que partenaire. Mais le partenariat n\u2019est pas \u00e0 sens unique. Le Partenariat n\u2019est pas \u00e0 la carte. Si l\u2019Europe, partenaire du Maroc consid\u00e8re que la lutte contre la migration est sa priorit\u00e9, ce partenaire qui est le Maroc a \u00e9galement ses priorit\u00e9s\u00a0\u00bb.<\/p>\n<p class=\"c4\">\u00ab\u00a0Est-ce que le partenariat c\u2019est qu\u2019on demande au Maroc de respecter sa part de ce partenariat mais qu\u2019on se permet d\u2019agir contre ses int\u00e9r\u00eats fondamentaux?\u00a0\u00bb, s\u2019est encore interrog\u00e9 M. Bourita.<\/p>\n<p class=\"c4\">Au sujet de l\u2019afflux d\u2019immigr\u00e9s sur le pr\u00e9side occup\u00e9 de Sebta, le ministre a soulign\u00e9 que \u00ab\u00a0les crises migratoires on en a eu de mani\u00e8re cyclique. Ce qu\u2019il y a eu cette fois -ci, c\u2019est qu\u2019il y a un contexte. On a voulu sur-dimensionner tout cela pour d\u00e9tourner l\u2019attention sur le probl\u00e8me r\u00e9el\u00a0\u00bb.<\/p>\n<p class=\"c4\">Il a tenu \u00e0 relever que \u00ab\u00a0le probl\u00e8me est d\u2019abord bilat\u00e9ral entre le Maroc et l\u2019Espagne. Vouloir impliquer l\u2019Europe, vouloir europ\u00e9aniser le probl\u00e8me \u00e0 travers la question migratoire c\u2019est d\u00e9tourner l\u2019attention\u00a0\u00bb.<\/p>\n<p class=\"c4\">\u00ab\u00a0La crise est bilat\u00e9rale entre le Maroc et l\u2019Espagne\u00a0\u00bb, a-t-il martel\u00e9. Et sur la question migratoire, \u00ab\u00a0le registre du Maroc est bien connu\u00a0\u00bb. Il a avanc\u00e9, dans ce contexte, quatre chiffres \u00e9difiants: le Maroc a avort\u00e9 14.000 tentatives d\u2019immigration clandestine en trois ans. Le Maroc a d\u00e9mantel\u00e9 plus de 8.000 cellules de trafic d\u2019\u00eatres humains. Le Maroc a avort\u00e9 80 tentatives d\u2019assaut sur la ville de Sebta. Enfin, le Maroc a \u00e9chang\u00e9 avec l\u2019Espagne plus de 9.000 informations sur l\u2019immigration clandestine.<\/p>\n<p class=\"c4\">Selon M. Bourita, \u00ab\u00a0si l\u2019Europe ne s\u2019est jamais souci\u00e9e de son flanc ouest, ce n\u2019est pas parce que ce flanc n\u2019est pas utilis\u00e9 par les mafias de trafic d\u2019\u00eatres humains, mais parce qu\u2019un pays a mobilis\u00e9 20.000 de ses forces de s\u00e9curit\u00e9 quotidiennement qui prot\u00e8gent ses c\u00f4tes\u00a0\u00bb.<\/p>\n<p class=\"c4\">Encore une fois, \u00ab\u00a0le Maroc ne fait pas \u00e7a par obligation\u00a0\u00bb, a r\u00e9it\u00e9r\u00e9 le ministre des Affaires \u00e9trang\u00e8res, regrettant au passage qu\u2019on \u00ab\u00a0oublie souvent les trains qui arrivent \u00e0 l\u2019heure pendant des ann\u00e9es\u00a0\u00bb. Mais, le Maroc a rempli son obligation en partenaire et non pas en \u00e9change d\u2019une contrepartie financi\u00e8re. Le Maroc ne re\u00e7oit rien de l\u2019Europe\u00a0\u00bb, s\u2019est-il insurg\u00e9.<\/p>\n<p class=\"c4\">Sur le d\u00e9nouement que pourrait prendre cette affaire, le ministre des AE a affirm\u00e9 que \u00ab\u00a0l\u2019Espagne se trompe si elle pense qu\u2019en renvoyant ce monsieur (Brahim Ghali NDLR), surtout avec les m\u00eames proc\u00e9d\u00e9s, que le probl\u00e8me va \u00eatre r\u00e9solu\u00a0\u00bb. \u00ab\u00a0Au contraire ! Cela veut dire que l\u2019Espagne a fait un choix contre les int\u00e9r\u00eats du Maroc. L\u2019Espagne aurait fait un choix contre ses propres citoyens victimes de ce criminel. Le Maroc en tirera les cons\u00e9quences\u00a0\u00bb.<\/p>\n<p class=\"c4\">\u00ab\u00a0Pour le Maroc, l\u2019Espagne a cr\u00e9\u00e9 une crise par des actes. Et l\u2019Espagne, par des actes encore doit r\u00e9soudre cette crise\u00a0\u00bb, a-t-il dit, affirmant que \u00ab\u00a0c\u2019est \u00e0 l\u2019Espagne de trouver la solution !\u00a0\u00bb. \u00ab\u00a0On ne peut pas manigancer le soir derri\u00e8re le dos du partenaire et lui demander le lendemain d\u2019\u00eatre loyal sur les priorit\u00e9s de l\u2019Espagne et de l\u2019Europe\u00a0\u00bb.<\/p>\n<p class=\"c4\">Et de conclure que \u00ab\u00a0le Maroc est satisfait de sa relation avec l\u2019UE. Le Maroc n\u2019a pas de probl\u00e8me avec l\u2019UE. Le Maroc a un probl\u00e8me avec l\u2019Espagne et par rapport \u00e0 un sujet particulier cr\u00e9\u00e9 par l\u2019Espagne sans impliquer l\u2019Europe. Et je pense que c\u2019est \u00e0 l\u2019Espagne de r\u00e9gler ce probl\u00e8me et c\u2019est \u00e0 l\u2019Espagne de mener une enqu\u00eate d\u2019abord sur comment ce monsieur est entr\u00e9 ? Pourquoi a-t- on chang\u00e9 son passeport ? Pourquoi a-t- on chang\u00e9 son identit\u00e9 ? Et pourquoi a-t-on d\u00e9sactiv\u00e9 la justice par rapport aux crimes abjectes qu\u2019il a commis?\u00a0\u00bb.<\/p>\n<p>Auteur: Soufiane ELAHMAR<br \/>\n<a href=\"http:\/\/www.mapoujda.ma\/fr\/le-maroc-na-pas-de-probleme-avec-lue-mais-avec-lespagne-qui-doit-trouver-une-solution\/\">Cliquez ici pour lire l&rsquo;article depuis sa source.<\/a><\/p>\n","protected":false},"excerpt":{"rendered":"<p>Le Maroc n\u2019a pas de probl\u00e8me avec l\u2019Union Europ\u00e9enne. Il a un probl\u00e8me avec l\u2019Espagne sur une question qui touche \u00e0 ses int\u00e9r\u00eats supr\u00eames et c\u2019est \u00e0 ce pays de trouver la solution, a affirm\u00e9 le ministre des Affaires \u00e9trang\u00e8res, de la Coop\u00e9ration africaine et des Marocains r\u00e9sidant \u00e0 l\u2019\u00e9tranger, Nasser Bourita. \u00ab\u00a0Pour le Maroc, [&hellip;]<\/p>\n","protected":false},"author":1788,"featured_media":0,"comment_status":"closed","ping_status":"closed","sticky":false,"template":"","format":"standard","meta":{"fifu_image_url":"","fifu_image_alt":"","footnotes":""},"categories":[54,76],"tags":[],"class_list":["post-117304","post","type-post","status-publish","format-standard","hentry","category-maroc","category-regions"],"_links":{"self":[{"href":"https:\/\/linitiative.ca\/International\/wp-json\/wp\/v2\/posts\/117304","targetHints":{"allow":["GET"]}}],"collection":[{"href":"https:\/\/linitiative.ca\/International\/wp-json\/wp\/v2\/posts"}],"about":[{"href":"https:\/\/linitiative.ca\/International\/wp-json\/wp\/v2\/types\/post"}],"author":[{"embeddable":true,"href":"https:\/\/linitiative.ca\/International\/wp-json\/wp\/v2\/users\/1788"}],"replies":[{"embeddable":true,"href":"https:\/\/linitiative.ca\/International\/wp-json\/wp\/v2\/comments?post=117304"}],"version-history":[{"count":0,"href":"https:\/\/linitiative.ca\/International\/wp-json\/wp\/v2\/posts\/117304\/revisions"}],"wp:attachment":[{"href":"https:\/\/linitiative.ca\/International\/wp-json\/wp\/v2\/media?parent=117304"}],"wp:term":[{"taxonomy":"category","embeddable":true,"href":"https:\/\/linitiative.ca\/International\/wp-json\/wp\/v2\/categories?post=117304"},{"taxonomy":"post_tag","embeddable":true,"href":"https:\/\/linitiative.ca\/International\/wp-json\/wp\/v2\/tags?post=117304"}],"curies":[{"name":"wp","href":"https:\/\/api.w.org\/{rel}","templated":true}]}}