{"id":117306,"date":"2021-05-24T11:35:55","date_gmt":"2021-05-24T15:35:55","guid":{"rendered":"https:\/\/linitiative.ca\/International\/collectivites-territoriales-un-excedent-budgetaire-de-31-milliards-de-dh-a-fin-novembre-2020\/"},"modified":"2021-05-24T11:35:55","modified_gmt":"2021-05-24T15:35:55","slug":"collectivites-territoriales-un-excedent-budgetaire-de-31-milliards-de-dh-a-fin-novembre-2020","status":"publish","type":"post","link":"https:\/\/linitiative.ca\/International\/collectivites-territoriales-un-excedent-budgetaire-de-31-milliards-de-dh-a-fin-novembre-2020\/","title":{"rendered":"Collectivit\u00e9s territoriales: Un exc\u00e9dent budg\u00e9taire de 3,1 milliards de DH \u00e0 fin novembre 2020"},"content":{"rendered":"<p class=\"rtejustify\">Les collectivit\u00e9s territoriales ont d\u00e9gag\u00e9 un exc\u00e9dent budg\u00e9taire de 3,1 milliards de DH \u00e0 fin novembre dernier contre 6 milliards de DH, un an auparavant. Cette situation provient de la baisse de 15,9% recettes ordinaires, de 4,1% des d\u00e9penses et de 15,2% des d\u00e9penses d&rsquo;investissement, selon les donn\u00e9es de la Tr\u00e9sorerie du Royaume.<\/p>\n<p class=\"rtejustify\">En d\u00e9tails, les imp\u00f4ts directs accusent une baisse de 12,8% suite au recul de la part des r\u00e9gions dans le produit de l\u2019imp\u00f4t sur les soci\u00e9t\u00e9s (IS) et de l\u2019imp\u00f4t sur le revenu (IR) (-19%), de la taxe professionnelle (-12,4%), de la taxe de services communaux (-7,6%), de la taxe sur les terrains urbains non b\u00e2tis (-6,9%) et de la taxe d\u2019habitation (-13,1%).<\/p>\n<p class=\"rtejustify\">Quant aux recettes ordinaires, elles reculent de 4,1% en raison de la baisse de 10,2% des d\u00e9penses des autres biens et services, conjugu\u00e9e \u00e0 la hausse de 0,4% des d\u00e9penses de personnel et de 5,5% des charges en int\u00e9r\u00eats de la dette. De leur c\u00f4t\u00e9, les d\u00e9penses d\u2019investissement reculent \u00e9galement de 15,2% \u00e0 10,54 milliards de DH contre 12,43 milliards de DH \u00e0 fin novembre 2019.<\/p>\n<p>Auteur: hgueye<br \/>\n<a href=\"https:\/\/www.leconomiste.com\/flash-infos\/collectivites-territoriales-un-excedent-de-3-1-milliards-de-dh-fin-novembre-2020\">Cliquez ici pour lire l&rsquo;article depuis sa source.<\/a><\/p>\n","protected":false},"excerpt":{"rendered":"<p>Les collectivit\u00e9s territoriales ont d\u00e9gag\u00e9 un exc\u00e9dent budg\u00e9taire de 3,1 milliards de DH \u00e0 fin novembre dernier contre 6 milliards de DH, un an auparavant. Cette situation provient de la baisse de 15,9% recettes ordinaires, de 4,1% des d\u00e9penses et de 15,2% des d\u00e9penses d&rsquo;investissement, selon les donn\u00e9es de la Tr\u00e9sorerie du Royaume. En d\u00e9tails, [&hellip;]<\/p>\n","protected":false},"author":1763,"featured_media":0,"comment_status":"closed","ping_status":"closed","sticky":false,"template":"","format":"standard","meta":{"fifu_image_url":"","fifu_image_alt":"","footnotes":""},"categories":[78,54],"tags":[],"class_list":["post-117306","post","type-post","status-publish","format-standard","hentry","category-economie","category-maroc"],"_links":{"self":[{"href":"https:\/\/linitiative.ca\/International\/wp-json\/wp\/v2\/posts\/117306","targetHints":{"allow":["GET"]}}],"collection":[{"href":"https:\/\/linitiative.ca\/International\/wp-json\/wp\/v2\/posts"}],"about":[{"href":"https:\/\/linitiative.ca\/International\/wp-json\/wp\/v2\/types\/post"}],"author":[{"embeddable":true,"href":"https:\/\/linitiative.ca\/International\/wp-json\/wp\/v2\/users\/1763"}],"replies":[{"embeddable":true,"href":"https:\/\/linitiative.ca\/International\/wp-json\/wp\/v2\/comments?post=117306"}],"version-history":[{"count":0,"href":"https:\/\/linitiative.ca\/International\/wp-json\/wp\/v2\/posts\/117306\/revisions"}],"wp:attachment":[{"href":"https:\/\/linitiative.ca\/International\/wp-json\/wp\/v2\/media?parent=117306"}],"wp:term":[{"taxonomy":"category","embeddable":true,"href":"https:\/\/linitiative.ca\/International\/wp-json\/wp\/v2\/categories?post=117306"},{"taxonomy":"post_tag","embeddable":true,"href":"https:\/\/linitiative.ca\/International\/wp-json\/wp\/v2\/tags?post=117306"}],"curies":[{"name":"wp","href":"https:\/\/api.w.org\/{rel}","templated":true}]}}