{"id":117308,"date":"2021-05-24T12:43:57","date_gmt":"2021-05-24T16:43:57","guid":{"rendered":"https:\/\/linitiative.ca\/International\/pres-de-millier-de-migrants-mineurs-se-trouvent-toujours-a-sebta\/"},"modified":"2021-05-24T12:43:57","modified_gmt":"2021-05-24T16:43:57","slug":"pres-de-millier-de-migrants-mineurs-se-trouvent-toujours-a-sebta","status":"publish","type":"post","link":"https:\/\/linitiative.ca\/International\/pres-de-millier-de-migrants-mineurs-se-trouvent-toujours-a-sebta\/","title":{"rendered":"Pr\u00e8s de millier de migrants mineurs se trouvent toujours \u00e0 Sebta"},"content":{"rendered":"<p class=\"rtejustify\">Environ un millier de migrants mineurs se trouvaient encore lundi dans la ville de Sebta, d&rsquo;o\u00f9 7.500 personnes ont \u00e9t\u00e9 renvoy\u00e9es vers le Maroc depuis le d\u00e9but de la semaine derni\u00e8re, ont indiqu\u00e9 les autorit\u00e9s espagnoles.<\/p>\n<p class=\"rtejustify\">Ces mineurs non accompagn\u00e9s errent dans les rues ou sont h\u00e9berg\u00e9s dans des centres g\u00e9r\u00e9s par les autorit\u00e9s locales. Au total, \u00ab\u00a0entre 8.000 et 9.000\u00a0\u00bb migrants ont pu rejoindre la ville avant que la grande majorit\u00e9 ne soit renvoy\u00e9e.<\/p>\n<p class=\"rtejustify\"><strong><em>Avec AFP.<\/em><\/strong><\/p>\n<p>Auteur: hgueye<br \/>\n<a href=\"https:\/\/www.leconomiste.com\/flash-infos\/pres-de-millier-de-migrants-mineurs-se-trouvent-toujours-sebta\">Cliquez ici pour lire l&rsquo;article depuis sa source.<\/a><\/p>\n","protected":false},"excerpt":{"rendered":"<p>Environ un millier de migrants mineurs se trouvaient encore lundi dans la ville de Sebta, d&rsquo;o\u00f9 7.500 personnes ont \u00e9t\u00e9 renvoy\u00e9es vers le Maroc depuis le d\u00e9but de la semaine derni\u00e8re, ont indiqu\u00e9 les autorit\u00e9s espagnoles. Ces mineurs non accompagn\u00e9s errent dans les rues ou sont h\u00e9berg\u00e9s dans des centres g\u00e9r\u00e9s par les autorit\u00e9s locales. [&hellip;]<\/p>\n","protected":false},"author":1763,"featured_media":0,"comment_status":"closed","ping_status":"closed","sticky":false,"template":"","format":"standard","meta":{"fifu_image_url":"","fifu_image_alt":"","footnotes":""},"categories":[78,54],"tags":[],"class_list":["post-117308","post","type-post","status-publish","format-standard","hentry","category-economie","category-maroc"],"_links":{"self":[{"href":"https:\/\/linitiative.ca\/International\/wp-json\/wp\/v2\/posts\/117308","targetHints":{"allow":["GET"]}}],"collection":[{"href":"https:\/\/linitiative.ca\/International\/wp-json\/wp\/v2\/posts"}],"about":[{"href":"https:\/\/linitiative.ca\/International\/wp-json\/wp\/v2\/types\/post"}],"author":[{"embeddable":true,"href":"https:\/\/linitiative.ca\/International\/wp-json\/wp\/v2\/users\/1763"}],"replies":[{"embeddable":true,"href":"https:\/\/linitiative.ca\/International\/wp-json\/wp\/v2\/comments?post=117308"}],"version-history":[{"count":0,"href":"https:\/\/linitiative.ca\/International\/wp-json\/wp\/v2\/posts\/117308\/revisions"}],"wp:attachment":[{"href":"https:\/\/linitiative.ca\/International\/wp-json\/wp\/v2\/media?parent=117308"}],"wp:term":[{"taxonomy":"category","embeddable":true,"href":"https:\/\/linitiative.ca\/International\/wp-json\/wp\/v2\/categories?post=117308"},{"taxonomy":"post_tag","embeddable":true,"href":"https:\/\/linitiative.ca\/International\/wp-json\/wp\/v2\/tags?post=117308"}],"curies":[{"name":"wp","href":"https:\/\/api.w.org\/{rel}","templated":true}]}}