{"id":117309,"date":"2021-05-24T12:50:48","date_gmt":"2021-05-24T16:50:48","guid":{"rendered":"https:\/\/linitiative.ca\/International\/industrialisation-de-fes-meknes-mhe-apporte-son-appui\/"},"modified":"2021-05-24T12:50:48","modified_gmt":"2021-05-24T16:50:48","slug":"industrialisation-de-fes-meknes-mhe-apporte-son-appui","status":"publish","type":"post","link":"https:\/\/linitiative.ca\/International\/industrialisation-de-fes-meknes-mhe-apporte-son-appui\/","title":{"rendered":"Industrialisation de F\u00e8s-Mekn\u00e8s : MHE apporte son appui"},"content":{"rendered":"<p class=\"rtejustify\">Moulay Hafid Ealamy a pr\u00e9sid\u00e9 ce lundi\u00a0la signature de quatre conventions pour la d\u00e9clinaison du Programme de d\u00e9veloppement r\u00e9gional (PDR) de F\u00e8s. Inscrites au Contrat-programme Etat-r\u00e9gion F\u00e8s-Mekn\u00e8s, ces conventions permettront \u00e0 la r\u00e9gion de se doter d\u2019une Zone d\u2019acc\u00e9l\u00e9ration industrielle (ZAI) \u00e0 Ain Cheggag, d\u2019un parc industriel (ECOPARC F\u00e8s-Sa\u00efss), d\u2019un Technopark et d\u2019un Fonds r\u00e9gional pour l\u2019appui aux projets d\u2019investissement.<\/p>\n<p class=\"rtejustify\">\u00ab\u00a0Ces projets qui se concr\u00e9tisent, aujourd\u2019hui, dans la r\u00e9gion de F\u00e8s-Sa\u00efss ajoutent une pierre \u00e0 l\u2019\u00e9difice nationale de la r\u00e9gionalisation avanc\u00e9e, mise en \u0153uvre par le Roi Mohammed VI pour \u00e9riger les r\u00e9gions en p\u00f4les \u00e9conomiques et industriels capables de cr\u00e9er de l\u2019emploi, de la valeur ajout\u00e9e et de promouvoir les secteurs productifs \u00e0 m\u00eame d\u2019assurer une croissance inclusive r\u00e9pondant au mieux aux besoins des citoyens\u00a0\u00bb, a d\u00e9clar\u00e9 le Ministre de l\u2019Industrie, du Commerce et de l\u2019Economie Verte et Num\u00e9rique.\u00a0Ce dernier a soulign\u00e9 que ces projets \u00ab\u00a0permettront de localiser les gisements de valeurs pour renforcer davantage le d\u00e9veloppement de la r\u00e9gion de F\u00e8s-Sa\u00efss d\u2019autant que celle-ci confirme sa vocation industrielle avec un tissu productif ayant g\u00e9n\u00e9r\u00e9 plus de 20 milliards de DH\u00a0de chiffres d\u2019affaires, plus de 3,6 milliards de valeur ajout\u00e9e et 3,3 milliards d\u2019exportations en 2018\u00a0\u00bb.<\/p>\n<p class=\"rtejustify\">Le projet de la ZAI \u00e0 Ain Cheggag, d\u2019un montant global de 200 millions de DH, sera financ\u00e9 \u00e0 parts \u00e9gales par le Conseil de la r\u00e9gion et le minist\u00e8re. Il permettra d\u2019am\u00e9liorer l\u2019attractivit\u00e9 de la r\u00e9gion et la qualit\u00e9 de ses infrastructures de base li\u00e9es \u00e0 l\u2019industrie en vue d\u2019accueillir des projets d\u2019investissement industriels notamment dans l\u2019agroalimentaire, le textile, l\u2019automobile, le ferroviaire et l\u2019\u00e9lectrique et \u00e9lectronique. La ZAI sera d\u00e9di\u00e9e aux activit\u00e9s industrielles non polluantes, aux services li\u00e9s \u00e0 l\u2019activit\u00e9 industrielle et commerciale, ainsi qu\u2019aux principaux \u00e9quipements administratifs et sociaux.<\/p>\n<p class=\"rtejustify\">Concernant le projet du parc industriel ECOPARC F\u00e8s-Sa\u00efss, la convention porte sur son am\u00e9nagement, sa promotion, sa commercialisation et sa gestion. Ce projet, d\u2019un co\u00fbt global de \u00e0 113,4 millions de DH, dont 20 millions de DH financ\u00e9s par le minist\u00e8re, sera r\u00e9alis\u00e9 sur une superficie de 20 ha \u00e0 la commune Ouled Tayeb. L\u2019ECOPARC, fruit d\u2019un partenariat entre le Conseil de la r\u00e9gion, le minist\u00e8re et la Chambre fran\u00e7aise de commerce et d&rsquo;industrie du Maroc (CFCIM), dotera la r\u00e9gion d\u2019un parc industriel de derni\u00e8re g\u00e9n\u00e9ration r\u00e9pondant aux standards \u00e9cologiques et de d\u00e9veloppement durable. Il sera destin\u00e9 aux PME\/PMI non polluantes de cat\u00e9gories 2 et 3, cr\u00e9atrices de valeur ajout\u00e9e et d\u2019emplois, ainsi qu\u2019aux activit\u00e9s de services notamment aux employ\u00e9s (restaurant, banques, pharmacies, commerces). Le parc disposera \u00e9galement d\u2019un guichet unique d\u2019accompagnement des investisseurs.<\/p>\n<p class=\"rtejustify\">Pour ce qui est du projet du Technopark F\u00e8s, d\u2019un montant global de 55 millions de DH, il vise \u00e0 acc\u00e9l\u00e9rer et faciliter le d\u00e9veloppement socio\u00e9conomique de la r\u00e9gion par la mise en place d\u2019un incubateur r\u00e9gional des projets innovants et la promotion du transfert technologique au sein des entreprises et des \u00e9cosyst\u00e8mes industriels. Il ambitionne de favoriser la cr\u00e9ation de startups, d\u2019assurer les conditions favorables \u00e0 leur r\u00e9ussite, d\u2019attirer des entreprises pilotes dans le domaine des nouvelles technologies et d\u2019instaurer un \u00e9cosyst\u00e8me entre l\u2019universit\u00e9, la recherche scientifique et les entreprises.<\/p>\n<p class=\"rtejustify\">Quant au Fonds r\u00e9gional pour l\u2019appui aux projets d\u2019investissement industriel au niveau de la r\u00e9gion de F\u00e8s-Mekn\u00e8s, il sera dot\u00e9 d\u2019une valeur globale de 55 millions de DH. Le minist\u00e8re accompagnera les porteurs de projets b\u00e9n\u00e9ficiaires du Fonds parmi les entreprises de la r\u00e9gion \u00e0 travers les m\u00e9canismes d\u2019appui mis en place. En attendant, le ministre de l&rsquo;Industrie appuie la r\u00e9alisation du projet du parc d&rsquo;exposition. A ce titre, MHE s&rsquo;est rendu \u00e0 l&rsquo;issue de la c\u00e9r\u00e9monie de signature au parc situ\u00e9 en face du complexe sportif de F\u00e8s, pour s&rsquo;enqu\u00e9rir de l&rsquo;\u00e9tatd&rsquo;avancement du projet initi\u00e9 par la CCIS.<\/p>\n<p class=\"rtejustify\"><strong><em>Y.S.A.<\/em><\/strong><\/p>\n<p>Auteur: hgueye<br \/>\n<a href=\"https:\/\/www.leconomiste.com\/flash-infos\/industrialisation-de-fes-meknes-mhe-apporte-son-appui\">Cliquez ici pour lire l&rsquo;article depuis sa source.<\/a><\/p>\n","protected":false},"excerpt":{"rendered":"<p>Moulay Hafid Ealamy a pr\u00e9sid\u00e9 ce lundi\u00a0la signature de quatre conventions pour la d\u00e9clinaison du Programme de d\u00e9veloppement r\u00e9gional (PDR) de F\u00e8s. Inscrites au Contrat-programme Etat-r\u00e9gion F\u00e8s-Mekn\u00e8s, ces conventions permettront \u00e0 la r\u00e9gion de se doter d\u2019une Zone d\u2019acc\u00e9l\u00e9ration industrielle (ZAI) \u00e0 Ain Cheggag, d\u2019un parc industriel (ECOPARC F\u00e8s-Sa\u00efss), d\u2019un Technopark et d\u2019un Fonds r\u00e9gional [&hellip;]<\/p>\n","protected":false},"author":1763,"featured_media":0,"comment_status":"closed","ping_status":"closed","sticky":false,"template":"","format":"standard","meta":{"fifu_image_url":"","fifu_image_alt":"","footnotes":""},"categories":[78,54],"tags":[],"class_list":["post-117309","post","type-post","status-publish","format-standard","hentry","category-economie","category-maroc"],"_links":{"self":[{"href":"https:\/\/linitiative.ca\/International\/wp-json\/wp\/v2\/posts\/117309","targetHints":{"allow":["GET"]}}],"collection":[{"href":"https:\/\/linitiative.ca\/International\/wp-json\/wp\/v2\/posts"}],"about":[{"href":"https:\/\/linitiative.ca\/International\/wp-json\/wp\/v2\/types\/post"}],"author":[{"embeddable":true,"href":"https:\/\/linitiative.ca\/International\/wp-json\/wp\/v2\/users\/1763"}],"replies":[{"embeddable":true,"href":"https:\/\/linitiative.ca\/International\/wp-json\/wp\/v2\/comments?post=117309"}],"version-history":[{"count":0,"href":"https:\/\/linitiative.ca\/International\/wp-json\/wp\/v2\/posts\/117309\/revisions"}],"wp:attachment":[{"href":"https:\/\/linitiative.ca\/International\/wp-json\/wp\/v2\/media?parent=117309"}],"wp:term":[{"taxonomy":"category","embeddable":true,"href":"https:\/\/linitiative.ca\/International\/wp-json\/wp\/v2\/categories?post=117309"},{"taxonomy":"post_tag","embeddable":true,"href":"https:\/\/linitiative.ca\/International\/wp-json\/wp\/v2\/tags?post=117309"}],"curies":[{"name":"wp","href":"https:\/\/api.w.org\/{rel}","templated":true}]}}