{"id":117310,"date":"2021-05-24T15:14:00","date_gmt":"2021-05-24T19:14:00","guid":{"rendered":"https:\/\/linitiative.ca\/International\/pros-milan-ac-une-premiere-pour-bennacer-il-jouera-la-ligue-des-champions-la-saison-prochaine\/"},"modified":"2021-05-24T15:14:00","modified_gmt":"2021-05-24T19:14:00","slug":"pros-milan-ac-une-premiere-pour-bennacer-il-jouera-la-ligue-des-champions-la-saison-prochaine","status":"publish","type":"post","link":"https:\/\/linitiative.ca\/International\/pros-milan-ac-une-premiere-pour-bennacer-il-jouera-la-ligue-des-champions-la-saison-prochaine\/","title":{"rendered":"Pros : Milan AC : Une premi\u00e8re pour Bennacer. Il jouera la Ligue des Champions la saison prochaine"},"content":{"rendered":"<div readability=\"32\">\n<p>Auteur : <span class=\"time\">lundi 24 mai 2021 08:00<\/span><\/p>\n<\/div>\n<div id=\"post_core\" readability=\"40\">\n<p>Pour s&rsquo;\u00e9viter tout suspense, les Rossoneri ont fait le job en d\u00e9crochant une victoire sur la pelouse de l&rsquo;Atalanta (2-0), ce dimanche, lors de la 38e et derni\u00e8re journ\u00e9e de Serie A. Kessie a inscrit deux penalties (43e, 90e+2) et permet au club lombard de terminer la saison \u00e0 la 2e place du championnat italien, devant son adversaire du soir. Ismael Bennacer \u00e9tait titulaire \u00e0 l&rsquo;occasion de ce match avant d&rsquo;\u00eatre remplac\u00e9 \u00e0 la 61e minute de jeu.<\/p>\n<p><strong>Publi\u00e9 dans :<\/strong> <span>BENNACER<\/span><\/p>\n<\/div>\n<p>Auteur:<br \/>\n<a href=\"http:\/\/www.lebuteur.com\/article\/detail?titre=milan-ac-une-premiere-pour-bennacer-il-jouera-la-ligue-des-champions-la-saison-prochaine&#038;id=100165&#038;utm_source=feedburner&#038;utm_medium=feed&#038;utm_campaign=Feed%3A+GalerieFArtciles+%28Les+derniers+articles++-+lebuteur.com%29\">Cliquez ici pour lire l&rsquo;article depuis sa source.<\/a><\/p>\n","protected":false},"excerpt":{"rendered":"<p>Auteur : lundi 24 mai 2021 08:00 Pour s&rsquo;\u00e9viter tout suspense, les Rossoneri ont fait le job en d\u00e9crochant une victoire sur la pelouse de l&rsquo;Atalanta (2-0), ce dimanche, lors de la 38e et derni\u00e8re journ\u00e9e de Serie A. Kessie a inscrit deux penalties (43e, 90e+2) et permet au club lombard de terminer la saison [&hellip;]<\/p>\n","protected":false},"author":1738,"featured_media":0,"comment_status":"closed","ping_status":"closed","sticky":false,"template":"","format":"standard","meta":{"fifu_image_url":"\/\/cdn.lebuteur.com\/data\/images\/article\/thumbs\/large-milan-ac-une-premiere-pour-bennacer-il-jouera-la-ligue-des-champions-la-saison-prochaine-b2030.jpg","fifu_image_alt":"Pros : Milan AC : Une premi\u00e8re pour Bennacer. Il jouera la Ligue des Champions la saison prochaine","footnotes":""},"categories":[53,75],"tags":[],"class_list":["post-117310","post","type-post","status-publish","format-standard","hentry","category-algerie","category-sport"],"_links":{"self":[{"href":"https:\/\/linitiative.ca\/International\/wp-json\/wp\/v2\/posts\/117310","targetHints":{"allow":["GET"]}}],"collection":[{"href":"https:\/\/linitiative.ca\/International\/wp-json\/wp\/v2\/posts"}],"about":[{"href":"https:\/\/linitiative.ca\/International\/wp-json\/wp\/v2\/types\/post"}],"author":[{"embeddable":true,"href":"https:\/\/linitiative.ca\/International\/wp-json\/wp\/v2\/users\/1738"}],"replies":[{"embeddable":true,"href":"https:\/\/linitiative.ca\/International\/wp-json\/wp\/v2\/comments?post=117310"}],"version-history":[{"count":0,"href":"https:\/\/linitiative.ca\/International\/wp-json\/wp\/v2\/posts\/117310\/revisions"}],"wp:attachment":[{"href":"https:\/\/linitiative.ca\/International\/wp-json\/wp\/v2\/media?parent=117310"}],"wp:term":[{"taxonomy":"category","embeddable":true,"href":"https:\/\/linitiative.ca\/International\/wp-json\/wp\/v2\/categories?post=117310"},{"taxonomy":"post_tag","embeddable":true,"href":"https:\/\/linitiative.ca\/International\/wp-json\/wp\/v2\/tags?post=117310"}],"curies":[{"name":"wp","href":"https:\/\/api.w.org\/{rel}","templated":true}]}}