{"id":117311,"date":"2021-05-24T15:14:02","date_gmt":"2021-05-24T19:14:02","guid":{"rendered":"https:\/\/linitiative.ca\/International\/international-espagne-ramos-na-pas-ete-selectionne-pour-leuro\/"},"modified":"2021-05-24T15:14:02","modified_gmt":"2021-05-24T19:14:02","slug":"international-espagne-ramos-na-pas-ete-selectionne-pour-leuro","status":"publish","type":"post","link":"https:\/\/linitiative.ca\/International\/international-espagne-ramos-na-pas-ete-selectionne-pour-leuro\/","title":{"rendered":"International : Espagne : Ramos n&rsquo;a pas \u00e9t\u00e9 s\u00e9lectionn\u00e9 pour l&rsquo;Euro !"},"content":{"rendered":"<div readability=\"32\">\n<p>Auteur : <span class=\"time\">lundi 24 mai 2021 12:28<\/span><\/p>\n<\/div>\n<div id=\"post_core\" readability=\"72\">\n<p>Frein\u00e9 par de nombreuses blessures cette saison, le d\u00e9fenseur central du Real Madrid, qui a pourtant repris l&rsquo;entra\u00eenement la semaine pass\u00e9e, n&rsquo;a pas \u00e9t\u00e9 convoqu\u00e9 par Luis Enrique pour jouer la comp\u00e9tition phare du Vieux Continent. Le s\u00e9lectionneur de la Roja a pr\u00e9f\u00e9r\u00e9 convoquer Aymeric Laporte, boud\u00e9 par Didier Deschamps et fra\u00eechement naturalis\u00e9 espagnol, pour renforcer son arri\u00e8re-garde comme l&rsquo;indique Maxifoot.<\/p>\n<p><strong>Le groupe de l&rsquo;Espagne pour l&rsquo;Euro 2021<\/strong><\/p>\n<p><strong>Gardiens de but :<\/strong> Unai Simon, David de Gea, Robert Sachez<\/p>\n<p><strong>D\u00e9fenseurs :<\/strong> Jos\u00e9 Gaya, Jordi Alba, Pau Torres, Aymeric Laporte, Eric Garcia, Diego Llorente, C\u00e9sar Azpilicueta, Marcos Llorente<\/p>\n<p><strong>Milieux de terrain :<\/strong> Busquets, Rodri, Pedri, Thiago, Koke, Fabian<\/p>\n<p><strong>Attaquants :<\/strong> Dani Olmo, Oyarzabal, Morata, Gerard Moreno, Ferran Torres, Adama Traor\u00e9, Pablo Sarabia<\/p>\n<p><strong>Publi\u00e9 dans :<\/strong> <span>ramos<\/span><\/p>\n<\/div>\n<p>Auteur:<br \/>\n<a href=\"http:\/\/www.lebuteur.com\/article\/detail?titre=espagne-ramos-na-pas-ete-selectionne-pour-leuro&#038;id=100166&#038;utm_source=feedburner&#038;utm_medium=feed&#038;utm_campaign=Feed%3A+GalerieFArtciles+%28Les+derniers+articles++-+lebuteur.com%29\">Cliquez ici pour lire l&rsquo;article depuis sa source.<\/a><\/p>\n","protected":false},"excerpt":{"rendered":"<p>Auteur : lundi 24 mai 2021 12:28 Frein\u00e9 par de nombreuses blessures cette saison, le d\u00e9fenseur central du Real Madrid, qui a pourtant repris l&rsquo;entra\u00eenement la semaine pass\u00e9e, n&rsquo;a pas \u00e9t\u00e9 convoqu\u00e9 par Luis Enrique pour jouer la comp\u00e9tition phare du Vieux Continent. Le s\u00e9lectionneur de la Roja a pr\u00e9f\u00e9r\u00e9 convoquer Aymeric Laporte, boud\u00e9 par [&hellip;]<\/p>\n","protected":false},"author":1738,"featured_media":0,"comment_status":"closed","ping_status":"closed","sticky":false,"template":"","format":"standard","meta":{"fifu_image_url":"\/\/cdn.lebuteur.com\/data\/images\/article\/thumbs\/large-espagne-ramos-na-pas-ete-selectionne-pour-leuro-230ee.jpg","fifu_image_alt":"International : Espagne : Ramos n'a pas \u00e9t\u00e9 s\u00e9lectionn\u00e9 pour l'Euro !","footnotes":""},"categories":[53,75],"tags":[],"class_list":["post-117311","post","type-post","status-publish","format-standard","hentry","category-algerie","category-sport"],"_links":{"self":[{"href":"https:\/\/linitiative.ca\/International\/wp-json\/wp\/v2\/posts\/117311","targetHints":{"allow":["GET"]}}],"collection":[{"href":"https:\/\/linitiative.ca\/International\/wp-json\/wp\/v2\/posts"}],"about":[{"href":"https:\/\/linitiative.ca\/International\/wp-json\/wp\/v2\/types\/post"}],"author":[{"embeddable":true,"href":"https:\/\/linitiative.ca\/International\/wp-json\/wp\/v2\/users\/1738"}],"replies":[{"embeddable":true,"href":"https:\/\/linitiative.ca\/International\/wp-json\/wp\/v2\/comments?post=117311"}],"version-history":[{"count":0,"href":"https:\/\/linitiative.ca\/International\/wp-json\/wp\/v2\/posts\/117311\/revisions"}],"wp:attachment":[{"href":"https:\/\/linitiative.ca\/International\/wp-json\/wp\/v2\/media?parent=117311"}],"wp:term":[{"taxonomy":"category","embeddable":true,"href":"https:\/\/linitiative.ca\/International\/wp-json\/wp\/v2\/categories?post=117311"},{"taxonomy":"post_tag","embeddable":true,"href":"https:\/\/linitiative.ca\/International\/wp-json\/wp\/v2\/tags?post=117311"}],"curies":[{"name":"wp","href":"https:\/\/api.w.org\/{rel}","templated":true}]}}