{"id":117312,"date":"2021-05-24T15:14:04","date_gmt":"2021-05-24T19:14:04","guid":{"rendered":"https:\/\/linitiative.ca\/International\/equipe-dalgerie-mahrez-fixe-ses-objectifs-avec-la-selection-on-ne-peut-pas-se-contenter-dune-coupe-dafrique\/"},"modified":"2021-05-24T15:14:04","modified_gmt":"2021-05-24T19:14:04","slug":"equipe-dalgerie-mahrez-fixe-ses-objectifs-avec-la-selection-on-ne-peut-pas-se-contenter-dune-coupe-dafrique","status":"publish","type":"post","link":"https:\/\/linitiative.ca\/International\/equipe-dalgerie-mahrez-fixe-ses-objectifs-avec-la-selection-on-ne-peut-pas-se-contenter-dune-coupe-dafrique\/","title":{"rendered":"Equipe d&rsquo;Alg\u00e9rie : Mahrez fixe ses objectifs avec la s\u00e9lection : \u00ab\u00a0On ne peut pas se contenter d\u2019une Coupe d\u2019Afrique\u00a0\u00bb"},"content":{"rendered":"<div readability=\"32\">\n<p>Auteur : <span class=\"time\">lundi 24 mai 2021 13:11<\/span><\/p>\n<\/div>\n<div id=\"post_core\" readability=\"53\">\n<p>Nomm\u00e9 capitaine de l\u2019Alg\u00e9rie depuis la prise en main de la s\u00e9lection par Djamel Belmadi durant l\u2019\u00e9t\u00e9 2018, Riyad Mahrez est devenu un vrai cadre de la s\u00e9lection nationale. Dans son nouveau costume de leader, Mahrez a emmen\u00e9 son pays vers le titre lors de la CAN 2019 et a d\u00e9sormais des objectifs \u00e9lev\u00e9s avec les Fennecs.<\/p>\n<p>\u00ab\u00a0On ne peut pas se contenter d\u2019une Coupe d\u2019Afrique ou de vingt matchs sans d\u00e9faite. On veut aller chercher cette qualification \u00e0 la Coupe du Monde. On veut essayer de faire quelque chose lors de la prochaine Coupe d\u2019Afrique. Cette g\u00e9n\u00e9ration, ce coach, cette organisation m\u00e9ritent \u00e7a et on va tout donner pour r\u00e9ussir.\u00a0\u00bb<\/p>\n<p>\u00ab\u00a0J\u2019ai conscience qu\u2019en gagnant la Coupe d\u2019Afrique, cette g\u00e9n\u00e9ration a r\u00e9alis\u00e9 d\u2019importantes choses pour le pays\u00a0\u00bb, avant d\u2019enchainer sur le poids du football au sein de la soci\u00e9t\u00e9 alg\u00e9rienne : \u00ab\u00a0On sait qu\u2019en Alg\u00e9rie, le football est le sujet num\u00e9ro un. L\u00e0 bas, le football se place au dessus de beaucoup de choses pour un grand nombre de personnes. Ce qui fait que l\u2019on y est vu comme bien plus que de simples footballeurs.\u00a0\u00bb Des propos relay\u00e9s par Goal.<\/p>\n<p><strong>Publi\u00e9 dans :<\/strong> <span>Mahrez<\/span><\/p>\n<\/div>\n<p>Auteur:<br \/>\n<a href=\"http:\/\/www.lebuteur.com\/article\/detail?titre=mahrez-fixe-ses-objectifs-avec-la-selection-on-ne-peut-pas-se-contenter-dune-coupe-dafrique&#038;id=100167&#038;utm_source=feedburner&#038;utm_medium=feed&#038;utm_campaign=Feed%3A+GalerieFArtciles+%28Les+derniers+articles++-+lebuteur.com%29\">Cliquez ici pour lire l&rsquo;article depuis sa source.<\/a><\/p>\n","protected":false},"excerpt":{"rendered":"<p>Auteur : lundi 24 mai 2021 13:11 Nomm\u00e9 capitaine de l\u2019Alg\u00e9rie depuis la prise en main de la s\u00e9lection par Djamel Belmadi durant l\u2019\u00e9t\u00e9 2018, Riyad Mahrez est devenu un vrai cadre de la s\u00e9lection nationale. Dans son nouveau costume de leader, Mahrez a emmen\u00e9 son pays vers le titre lors de la CAN 2019 [&hellip;]<\/p>\n","protected":false},"author":1738,"featured_media":0,"comment_status":"closed","ping_status":"closed","sticky":false,"template":"","format":"standard","meta":{"fifu_image_url":"\/\/cdn.lebuteur.com\/data\/images\/article\/thumbs\/large-100167mahrez-fixe-ses-objectifs-avec-la-selection-on-ne-peut-pas-se-contenter-dune-coupe-dafrique-e96b1.jpg","fifu_image_alt":"Equipe d'Alg\u00e9rie : Mahrez fixe ses objectifs avec la s\u00e9lection : \"On ne peut pas se contenter d\u2019une Coupe d\u2019Afrique\"","footnotes":""},"categories":[53,75],"tags":[],"class_list":["post-117312","post","type-post","status-publish","format-standard","hentry","category-algerie","category-sport"],"_links":{"self":[{"href":"https:\/\/linitiative.ca\/International\/wp-json\/wp\/v2\/posts\/117312","targetHints":{"allow":["GET"]}}],"collection":[{"href":"https:\/\/linitiative.ca\/International\/wp-json\/wp\/v2\/posts"}],"about":[{"href":"https:\/\/linitiative.ca\/International\/wp-json\/wp\/v2\/types\/post"}],"author":[{"embeddable":true,"href":"https:\/\/linitiative.ca\/International\/wp-json\/wp\/v2\/users\/1738"}],"replies":[{"embeddable":true,"href":"https:\/\/linitiative.ca\/International\/wp-json\/wp\/v2\/comments?post=117312"}],"version-history":[{"count":0,"href":"https:\/\/linitiative.ca\/International\/wp-json\/wp\/v2\/posts\/117312\/revisions"}],"wp:attachment":[{"href":"https:\/\/linitiative.ca\/International\/wp-json\/wp\/v2\/media?parent=117312"}],"wp:term":[{"taxonomy":"category","embeddable":true,"href":"https:\/\/linitiative.ca\/International\/wp-json\/wp\/v2\/categories?post=117312"},{"taxonomy":"post_tag","embeddable":true,"href":"https:\/\/linitiative.ca\/International\/wp-json\/wp\/v2\/tags?post=117312"}],"curies":[{"name":"wp","href":"https:\/\/api.w.org\/{rel}","templated":true}]}}