{"id":117314,"date":"2021-05-24T15:14:08","date_gmt":"2021-05-24T19:14:08","guid":{"rendered":"https:\/\/linitiative.ca\/International\/international-espagne-ramos-reagit-a-sa-non-selection-pour-leuro-ne-pas-representer-le-pays-ca-fait-mal\/"},"modified":"2021-05-24T15:14:08","modified_gmt":"2021-05-24T19:14:08","slug":"international-espagne-ramos-reagit-a-sa-non-selection-pour-leuro-ne-pas-representer-le-pays-ca-fait-mal","status":"publish","type":"post","link":"https:\/\/linitiative.ca\/International\/international-espagne-ramos-reagit-a-sa-non-selection-pour-leuro-ne-pas-representer-le-pays-ca-fait-mal\/","title":{"rendered":"International : Espagne : Ramos r\u00e9agit \u00e0 sa non s\u00e9lection pour l&rsquo;Euro : \u00ab\u00a0Ne pas repr\u00e9senter le pays, \u00e7a fait mal\u00a0\u00bb"},"content":{"rendered":"<div readability=\"32\">\n<p>Auteur : <span class=\"time\">lundi 24 mai 2021 16:39<\/span><\/p>\n<\/div>\n<div id=\"post_core\" readability=\"60\">\n<p>\u00a0Rarement \u00e9loign\u00e9 de l&rsquo;infirmerie depuis le d\u00e9but de l&rsquo;ann\u00e9e, le d\u00e9fenseur central du Real Madrid paye son manque de rythme, mais cela ne l&#8217;emp\u00eachera pas d&rsquo;\u00eatre le premier supporter de la Roja, malgr\u00e9 la d\u00e9ception.<\/p>\n<p>\u00ab\u00a0Apr\u00e8s plusieurs mois difficiles et une saison atypique, tellement diff\u00e9rente de ce que j&rsquo;ai v\u00e9cu dans toute ma carri\u00e8re, c&rsquo;est au tour de l&rsquo;Euro&#8230; J&rsquo;ai lutt\u00e9 et travaill\u00e9 chaque jour, donnant mon corps et mon \u00e2me, pour arriver \u00e0 100% avec le Real et la s\u00e9lection, mais les choses ne se passent pas toujours comme on le d\u00e9sire. \u00c7a me fait mal de ne pas avoir pu aider davantage mon club et de ne pas d\u00e9fendre les couleurs de l&rsquo;Espagne, mais dans ce cas, c&rsquo;est mieux de se reposer, de r\u00e9cup\u00e9rer \u00e0 fond et de revenir l&rsquo;ann\u00e9e prochaine, comme je l&rsquo;ai toujours fait\u00a0\u00bb, a r\u00e9agi Ramos sur les r\u00e9seaux sociaux.<\/p>\n<p>\u00ab\u00a0Ne pas repr\u00e9senter son pays, \u00e7a fait mal, mais il faut \u00eatre honn\u00eate et sinc\u00e8re. Je souhaite beaucoup de r\u00e9ussite et de chance \u00e0 tous mes co\u00e9quipiers et j&rsquo;esp\u00e8re qu&rsquo;on fera un grand Euro, a encourag\u00e9 l&rsquo;habituel capitaine de la Roja. Vous pourrez compter sur moi pour vous supporter devant ma t\u00e9l\u00e9vision !\u00a0\u00bb Des propos relay\u00e9s par Maxifoot.<\/p>\n<p><strong>Publi\u00e9 dans :<\/strong> <span>ramos<\/span><\/p>\n<\/div>\n<p>Auteur:<br \/>\n<a href=\"http:\/\/www.lebuteur.com\/article\/detail?titre=espagne-ramos-reagit-a-sa-non-selection-pour-leuro-ne-pas-representer-le-pays-ca-fait-mal&#038;id=100169&#038;utm_source=feedburner&#038;utm_medium=feed&#038;utm_campaign=Feed%3A+GalerieFArtciles+%28Les+derniers+articles++-+lebuteur.com%29\">Cliquez ici pour lire l&rsquo;article depuis sa source.<\/a><\/p>\n","protected":false},"excerpt":{"rendered":"<p>Auteur : lundi 24 mai 2021 16:39 \u00a0Rarement \u00e9loign\u00e9 de l&rsquo;infirmerie depuis le d\u00e9but de l&rsquo;ann\u00e9e, le d\u00e9fenseur central du Real Madrid paye son manque de rythme, mais cela ne l&#8217;emp\u00eachera pas d&rsquo;\u00eatre le premier supporter de la Roja, malgr\u00e9 la d\u00e9ception. \u00ab\u00a0Apr\u00e8s plusieurs mois difficiles et une saison atypique, tellement diff\u00e9rente de ce que [&hellip;]<\/p>\n","protected":false},"author":1738,"featured_media":0,"comment_status":"closed","ping_status":"closed","sticky":false,"template":"","format":"standard","meta":{"fifu_image_url":"\/\/cdn.lebuteur.com\/data\/images\/article\/thumbs\/large-espagne-ramos-reagit-a-son-absence-pour-leuro-ne-pas-representer-le-pays-ca-fait-mal-a5dcb.jpg","fifu_image_alt":"International : Espagne : Ramos r\u00e9agit \u00e0 sa non s\u00e9lection pour l'Euro : \"Ne pas repr\u00e9senter le pays, \u00e7a fait mal\"","footnotes":""},"categories":[53,75],"tags":[],"class_list":["post-117314","post","type-post","status-publish","format-standard","hentry","category-algerie","category-sport"],"_links":{"self":[{"href":"https:\/\/linitiative.ca\/International\/wp-json\/wp\/v2\/posts\/117314","targetHints":{"allow":["GET"]}}],"collection":[{"href":"https:\/\/linitiative.ca\/International\/wp-json\/wp\/v2\/posts"}],"about":[{"href":"https:\/\/linitiative.ca\/International\/wp-json\/wp\/v2\/types\/post"}],"author":[{"embeddable":true,"href":"https:\/\/linitiative.ca\/International\/wp-json\/wp\/v2\/users\/1738"}],"replies":[{"embeddable":true,"href":"https:\/\/linitiative.ca\/International\/wp-json\/wp\/v2\/comments?post=117314"}],"version-history":[{"count":0,"href":"https:\/\/linitiative.ca\/International\/wp-json\/wp\/v2\/posts\/117314\/revisions"}],"wp:attachment":[{"href":"https:\/\/linitiative.ca\/International\/wp-json\/wp\/v2\/media?parent=117314"}],"wp:term":[{"taxonomy":"category","embeddable":true,"href":"https:\/\/linitiative.ca\/International\/wp-json\/wp\/v2\/categories?post=117314"},{"taxonomy":"post_tag","embeddable":true,"href":"https:\/\/linitiative.ca\/International\/wp-json\/wp\/v2\/tags?post=117314"}],"curies":[{"name":"wp","href":"https:\/\/api.w.org\/{rel}","templated":true}]}}