{"id":117317,"date":"2021-05-24T07:04:52","date_gmt":"2021-05-24T11:04:52","guid":{"rendered":"https:\/\/linitiative.ca\/International\/traitement-des-dechets-medicaux-une-2eme-unite-privee-bientot-lancee-dans-la-region-rabat-kenitra\/"},"modified":"2021-05-24T07:04:52","modified_gmt":"2021-05-24T11:04:52","slug":"traitement-des-dechets-medicaux-une-2eme-unite-privee-bientot-lancee-dans-la-region-rabat-kenitra","status":"publish","type":"post","link":"https:\/\/linitiative.ca\/International\/traitement-des-dechets-medicaux-une-2eme-unite-privee-bientot-lancee-dans-la-region-rabat-kenitra\/","title":{"rendered":"Traitement des d\u00e9chets m\u00e9dicaux : une 2\u00e8me unit\u00e9 priv\u00e9e bient\u00f4t lanc\u00e9e dans la R\u00e9gion Rabat-K\u00e9nitra"},"content":{"rendered":"<p><strong>Bonne nouvelle pour les \u00e9cologistes de la r\u00e9gion de Rabat-K\u00e9nitra. En effet, la r\u00e9gion de Rabat sera bient\u00f4t dot\u00e9e d\u2019une nouvelle usine de traitement des d\u00e9chets hospitaliers et m\u00e9dicaux. Port\u00e9 par la soci\u00e9t\u00e9 Green Box, ce projet vise \u00e0 installer dans la zone industrielle de Skhirat une unit\u00e9 int\u00e9gr\u00e9e d\u2019\u00e9limination des d\u00e9chets d\u2019origine hospitali\u00e8re, collect\u00e9s aupr\u00e8s des \u00e9tablissements de la sant\u00e9 bas\u00e9s \u00e0 proximit\u00e9.\u00a0 \u00a0<\/strong><\/p>\n<div class=\"c10\">\n<\/div>\n<p>La PME, qui n\u2019attend que le feu vert des autorit\u00e9s locales pour lancer les travaux de son projet, compte y investir plus de 35 millions de dirhams pour la premi\u00e8re phase. Il faut dire que la R\u00e9gion Rabat-K\u00e9nitra produit, \u00e0 elle seule, plus de 1.000 tonnes de d\u00e9chets hospitaliers (soit pr\u00e8s du dixi\u00e8me de la production nationale en la mati\u00e8re) dont pr\u00e8s de 20% sont consid\u00e9r\u00e9s dangereux et hautement infectieux. Ceci alors que jusqu\u2019\u00e0 pr\u00e9sent, seule une unit\u00e9 priv\u00e9e de traitement des d\u00e9chets m\u00e9dicaux dangereux y op\u00e8re (\u00e0 T\u00e9mara) et ce, sur un total de cinq unit\u00e9s r\u00e9parties sur les villes de Casablanca, Mekn\u00e8s, T\u00e9mara, et Ouarzazate.<\/p>\n<p><strong>Lire aussi |\u00a0<a rel=\"noreferrer noopener\" href=\"https:\/\/www.challenge.ma\/les-professionnels-du-tourisme-poussent-pour-la-reouverture-des-frontieres-185434\/\" target=\"_blank\">Les professionnels du tourisme poussent pour la r\u00e9ouverture des fronti\u00e8res<\/a><\/strong><\/p>\n<p>Derri\u00e8re le projet se trouvent deux passionn\u00e9s de l\u2019\u00e9conomie verte, en l\u2019occurrence Mohamed Ali Seffar, un homme d\u2019affaires qui compte d\u00e9j\u00e0 plusieurs activit\u00e9s (notamment dans la restauration) \u00e0 travers AHS Invest et Sefima Corp et Amine Kadiri, un marocain r\u00e9sident en France qui compte une longue carri\u00e8re au sein de Neo-Eco, une PME lilloise sp\u00e9cialis\u00e9e dans la cr\u00e9ation de boucles d\u2019\u00e9conomie circulaire visant \u00e0 donner une seconde vie aux d\u00e9chets, qu\u2019ils soient verts, d\u2019origine min\u00e9rale ou industrielle, en les transformant en mati\u00e8re premi\u00e8re secondaire.<\/p>\n<p>Rappelons que les d\u00e9chets m\u00e9dicaux et pharmaceutiques sont issus des activit\u00e9s li\u00e9es au diagnostic, au suivi, au traitement pr\u00e9ventif ou hospitalier en mati\u00e8re de m\u00e9decine humaine et v\u00e9t\u00e9rinaire et \u00e0 l\u2019ensemble de d\u00e9chets provenant d\u2019activit\u00e9s d\u2019h\u00f4pitaux publics et cliniques priv\u00e9es, des centres de recherche et des laboratoires d\u2019analyses.<\/p>\n<p>Le traitement de ces d\u00e9chets doit b\u00e9n\u00e9ficier d\u2019un int\u00e9r\u00eat particulier, selon l\u2019Organisation mondiale de la sant\u00e9 (OMS), \u00e0 travers des op\u00e9rations de tri depuis la source, d\u2019emballage, de stockage, de collecte, de transport, de traitement et d\u2019\u00e9limination.<\/p>\n<p><strong>Lire aussi |<\/strong> <a href=\"https:\/\/www.challenge.ma\/sur-europe1-nasser-bourita-charge-lespagne-audio-185454\/\"><strong>Sur Europe1, Nasser Bourita charge l\u2019Espagne [Audio]<\/strong><\/a><\/p>\n<p>Auteur: challenge<br \/>\n<a href=\"https:\/\/www.challenge.ma\/traitement-des-dechets-medicaux-une-2eme-unite-privee-bientot-lancee-dans-la-region-rabat-kenitra-183885\/\">Cliquez ici pour lire l&rsquo;article depuis sa source.<\/a><\/p>\n","protected":false},"excerpt":{"rendered":"<p>Bonne nouvelle pour les \u00e9cologistes de la r\u00e9gion de Rabat-K\u00e9nitra. En effet, la r\u00e9gion de Rabat sera bient\u00f4t dot\u00e9e d\u2019une nouvelle usine de traitement des d\u00e9chets hospitaliers et m\u00e9dicaux. Port\u00e9 par la soci\u00e9t\u00e9 Green Box, ce projet vise \u00e0 installer dans la zone industrielle de Skhirat une unit\u00e9 int\u00e9gr\u00e9e d\u2019\u00e9limination des d\u00e9chets d\u2019origine hospitali\u00e8re, collect\u00e9s [&hellip;]<\/p>\n","protected":false},"author":1787,"featured_media":0,"comment_status":"closed","ping_status":"closed","sticky":false,"template":"","format":"standard","meta":{"fifu_image_url":"","fifu_image_alt":"","footnotes":""},"categories":[78,54],"tags":[],"class_list":["post-117317","post","type-post","status-publish","format-standard","hentry","category-economie","category-maroc"],"_links":{"self":[{"href":"https:\/\/linitiative.ca\/International\/wp-json\/wp\/v2\/posts\/117317","targetHints":{"allow":["GET"]}}],"collection":[{"href":"https:\/\/linitiative.ca\/International\/wp-json\/wp\/v2\/posts"}],"about":[{"href":"https:\/\/linitiative.ca\/International\/wp-json\/wp\/v2\/types\/post"}],"author":[{"embeddable":true,"href":"https:\/\/linitiative.ca\/International\/wp-json\/wp\/v2\/users\/1787"}],"replies":[{"embeddable":true,"href":"https:\/\/linitiative.ca\/International\/wp-json\/wp\/v2\/comments?post=117317"}],"version-history":[{"count":0,"href":"https:\/\/linitiative.ca\/International\/wp-json\/wp\/v2\/posts\/117317\/revisions"}],"wp:attachment":[{"href":"https:\/\/linitiative.ca\/International\/wp-json\/wp\/v2\/media?parent=117317"}],"wp:term":[{"taxonomy":"category","embeddable":true,"href":"https:\/\/linitiative.ca\/International\/wp-json\/wp\/v2\/categories?post=117317"},{"taxonomy":"post_tag","embeddable":true,"href":"https:\/\/linitiative.ca\/International\/wp-json\/wp\/v2\/tags?post=117317"}],"curies":[{"name":"wp","href":"https:\/\/api.w.org\/{rel}","templated":true}]}}