{"id":117318,"date":"2021-05-24T07:31:36","date_gmt":"2021-05-24T11:31:36","guid":{"rendered":"https:\/\/linitiative.ca\/International\/coronavirus-le-certificat-sanitaire-pour-voyager-dans-lue-effectif-des-le-1er-juillet\/"},"modified":"2021-05-24T07:31:36","modified_gmt":"2021-05-24T11:31:36","slug":"coronavirus-le-certificat-sanitaire-pour-voyager-dans-lue-effectif-des-le-1er-juillet","status":"publish","type":"post","link":"https:\/\/linitiative.ca\/International\/coronavirus-le-certificat-sanitaire-pour-voyager-dans-lue-effectif-des-le-1er-juillet\/","title":{"rendered":"Coronavirus :  le certificat sanitaire pour voyager dans l\u2019UE effectif d\u00e8s le 1er juillet"},"content":{"rendered":"<p><strong>Les vacances d\u2019\u00e9t\u00e9 approchent \u00e0 grandes enjamb\u00e9es, et en d\u00e9pit de la crise sanitaire, de nombreuses personnes pr\u00e9parent d\u2019ores et d\u00e9j\u00e0 leurs plans de voyage sur plusieurs destinations dans le monde. Toutefois, si vous avez pr\u00e9vu passer vos vacances dans l\u2019un des pays de l\u2019Union Europ\u00e9enne, voici ce que vous devez savoir.<\/strong><\/p>\n<div class=\"c10\">\n<\/div>\n<p>L\u2019UE a d\u00e9cid\u00e9, dans le but de faciliter la vie aux citoyens europ\u00e9ens et aussi aux touristes cet \u00e9t\u00e9, de mettre en place un certificat sanitaire europ\u00e9en pour toutes personnes devant aller d\u2019un pays \u00e0 un autre. Ainsi, vous aurez obligatoirement besoin du \u00a0certificat sanitaire europ\u00e9en (num\u00e9rique ou en papier) \u00e0 compter du 1<sup>er<\/sup>\u00a0juillet 2021. Il faut savoir \u00e9galement que m\u00eame si le parlement a demand\u00e9 aux 27 pays membres de\u00a0ne pas imposer la quarantaine aux voyageurs dans l\u2019espace UE, vous aurez n\u00e9anmoins \u00e0 vous y soumettre dans certains pays, puisque plusieurs \u00c9tats membres n\u2019excluent pas d\u2019imposer, selon leur appr\u00e9ciation, des mesures de quarantaines et m\u00eame des tests anti-Covid suppl\u00e9mentaires.<\/p>\n<p><strong>Lire aussi| <a href=\"https:\/\/www.challenge.ma\/les-professionnels-du-tourisme-poussent-pour-la-reouverture-des-frontieres-185434\/\">Les professionnels du tourisme poussent pour la r\u00e9ouverture des fronti\u00e8res<\/a><\/strong><\/p>\n<p>\u00ab\u00a0Ce type de conditions suppl\u00e9mentaires sont, par principe, \u00e9cart\u00e9es sauf si la\u00a0 d\u00e9gradation des conditions sanitaires le justifie et de mani\u00e8re. proportionn\u00e9e. Dans ce cas, la notification de ces mesures extraordinaires devra \u00eatre r\u00e9alis\u00e9e 48\u00a0heures \u00e0 l\u2019avance\u00a0\u00bb, apprend-t-on. Notons aussi que \u00ab\u00a0les personnes vaccin\u00e9es, ou r\u00e9tablies du Covid-19\u00a0ou les personnes pr\u00e9sentant un test n\u00e9gatif (PCR ou test rapide)\u00a0pourront \u00a0retrouver la libert\u00e9 de circulation au sein de l\u2019espace Schengen\u00a0\u00bb. Force est de souligner que pour ces trois cat\u00e9gorie de personnes, il s\u2019agira d\u2019un certificat distinct. Selon presse europ\u00e9enne, il a \u00e9t\u00e9 convenu que le certificat ne comportera que des donn\u00e9es essentielles\u00a0: le nom, le pr\u00e9nom, le type de vaccin re\u00e7u, le nombre de doses et la date de la vaccination.<\/p>\n<p><strong>Lire aussi| <a href=\"https:\/\/www.challenge.ma\/traitement-des-dechets-medicaux-une-2eme-unite-privee-bientot-lancee-dans-la-region-rabat-kenitra-183885\/\">Traitement des d\u00e9chets m\u00e9dicaux : une 2\u00e8me unit\u00e9 priv\u00e9e bient\u00f4t lanc\u00e9e dans la R\u00e9gion Rabat-K\u00e9nitra<\/a><\/strong><\/p>\n<p>\u00ab\u00a0Ce certificat sera attribu\u00e9 de droit \u00e0 tous les citoyens ayant re\u00e7u les injections n\u00e9cessaires. Les donn\u00e9es personnelles ne pourront pas \u00eatre conserv\u00e9es par les pays visit\u00e9s. Il n\u2019y aura donc pas de bases de donn\u00e9es des certificats m\u00e9dicaux \u00e0 l\u2019\u00e9chelle de l\u2019UE\u00a0\u00bb, rapporte la m\u00eame source, ajoutant que les vaccins admis sont ceux qui ont re\u00e7u l\u2019autorisation de l\u2019Agence europ\u00e9enne des m\u00e9dicaments. On apprend aussi que chaque \u00c9tat membre est libre d\u2019accepter ou non les personnes ayant re\u00e7u les vaccins chinois ou russes.<\/p>\n<p>Auteur: challenge<br \/>\n<a href=\"https:\/\/www.challenge.ma\/coronavirus-le-certificat-sanitaire-pour-voyager-dans-lue-effectif-des-le-1er-juillet-185489\/\">Cliquez ici pour lire l&rsquo;article depuis sa source.<\/a><\/p>\n","protected":false},"excerpt":{"rendered":"<p>Les vacances d\u2019\u00e9t\u00e9 approchent \u00e0 grandes enjamb\u00e9es, et en d\u00e9pit de la crise sanitaire, de nombreuses personnes pr\u00e9parent d\u2019ores et d\u00e9j\u00e0 leurs plans de voyage sur plusieurs destinations dans le monde. Toutefois, si vous avez pr\u00e9vu passer vos vacances dans l\u2019un des pays de l\u2019Union Europ\u00e9enne, voici ce que vous devez savoir. L\u2019UE a d\u00e9cid\u00e9, [&hellip;]<\/p>\n","protected":false},"author":1787,"featured_media":0,"comment_status":"closed","ping_status":"closed","sticky":false,"template":"","format":"standard","meta":{"fifu_image_url":"","fifu_image_alt":"","footnotes":""},"categories":[78,54],"tags":[],"class_list":["post-117318","post","type-post","status-publish","format-standard","hentry","category-economie","category-maroc"],"_links":{"self":[{"href":"https:\/\/linitiative.ca\/International\/wp-json\/wp\/v2\/posts\/117318","targetHints":{"allow":["GET"]}}],"collection":[{"href":"https:\/\/linitiative.ca\/International\/wp-json\/wp\/v2\/posts"}],"about":[{"href":"https:\/\/linitiative.ca\/International\/wp-json\/wp\/v2\/types\/post"}],"author":[{"embeddable":true,"href":"https:\/\/linitiative.ca\/International\/wp-json\/wp\/v2\/users\/1787"}],"replies":[{"embeddable":true,"href":"https:\/\/linitiative.ca\/International\/wp-json\/wp\/v2\/comments?post=117318"}],"version-history":[{"count":0,"href":"https:\/\/linitiative.ca\/International\/wp-json\/wp\/v2\/posts\/117318\/revisions"}],"wp:attachment":[{"href":"https:\/\/linitiative.ca\/International\/wp-json\/wp\/v2\/media?parent=117318"}],"wp:term":[{"taxonomy":"category","embeddable":true,"href":"https:\/\/linitiative.ca\/International\/wp-json\/wp\/v2\/categories?post=117318"},{"taxonomy":"post_tag","embeddable":true,"href":"https:\/\/linitiative.ca\/International\/wp-json\/wp\/v2\/tags?post=117318"}],"curies":[{"name":"wp","href":"https:\/\/api.w.org\/{rel}","templated":true}]}}