{"id":117320,"date":"2021-05-24T11:46:57","date_gmt":"2021-05-24T15:46:57","guid":{"rendered":"https:\/\/linitiative.ca\/International\/vaccination-anti-covid-plusieurs-cas-de-myocardite-recenses-chez-des-personnes-ayant-recu-les-vaccins-pfizer-et-moderna\/"},"modified":"2021-05-24T11:46:57","modified_gmt":"2021-05-24T15:46:57","slug":"vaccination-anti-covid-plusieurs-cas-de-myocardite-recenses-chez-des-personnes-ayant-recu-les-vaccins-pfizer-et-moderna","status":"publish","type":"post","link":"https:\/\/linitiative.ca\/International\/vaccination-anti-covid-plusieurs-cas-de-myocardite-recenses-chez-des-personnes-ayant-recu-les-vaccins-pfizer-et-moderna\/","title":{"rendered":"Vaccination anti-covid :  plusieurs cas de myocardite recens\u00e9s chez des personnes ayant re\u00e7u les vaccins Pfizer et Moderna"},"content":{"rendered":"<p><strong>Apr\u00e8s AstraZeneca ou encore Johnson &amp; Johnson, c\u2019est le tour des vaccins Pfizer et Moderna d\u2019\u00eatre au centre de toutes les pr\u00e9occupation. Les d\u00e9tails.<\/strong><\/p>\n<div class=\"c10\">\n<\/div>\n<p>Le Center for Disease Control and prevention (Etats-Unis) a r\u00e9cemment fait savoir que plusieurs cas de myocardite ont \u00e9t\u00e9 recens\u00e9s apr\u00e8s l\u2019injection des vaccins \u00e0 ARN messager de Pfizer et de Moderna. Selon le comit\u00e9 de la s\u00e9curit\u00e9 vaccinale, qui se r\u00e9unit chaque semaine pour faire le point sur les effets secondaires des vaccins anti-Covid 19, \u00ab\u00a0une poign\u00e9e de cas de myocardite\u00a0ont \u00e9t\u00e9 identifi\u00e9s, mais les enqu\u00eates en cours n\u2019ont pas encore pu \u00e9tablir un lien strict\u00a0entre la vaccination et l\u2019apparition des myocardites\u00a0\u00bb.<\/p>\n<p><strong>Lire aussi| <a href=\"https:\/\/www.challenge.ma\/les-professionnels-du-tourisme-poussent-pour-la-reouverture-des-frontieres-185434\/\">Les professionnels du tourisme poussent pour la r\u00e9ouverture des fronti\u00e8res<\/a><\/strong><\/p>\n<p>On apprend que la plupart des personnes concern\u00e9es sont sous traitement \u00e0 l\u2019h\u00f4pital et leur pronostic vital n\u2019est pas engag\u00e9. Il faut noter que les myocardites font leur apparition dans les quatre\u00a0jours suivant l\u2019injection du vaccin, et plus fr\u00e9quemment apr\u00e8s la seconde dose. \u00ab\u00a0Les effets secondaires sont g\u00e9n\u00e9ralement plus intenses apr\u00e8s la seconde dose. Les personnes concern\u00e9es sont majoritairement des hommes jeunes, adolescents ou jeunes adultes\u00a0\u00bb, souligne le Center for Disease Control and prevention (CDC), qui pr\u00e9cise que le taux d\u2019incidence des myocardites depuis le d\u00e9but de la campagne de vaccination \u00ab\u00a0n\u2019est pas plus \u00e9lev\u00e9 que d\u2019ordinaire\u00a0\u00bb. Les autorit\u00e9s sanitaires assurent que l\u2019apparition de ces cas de myocardite ne remet pas en cause\u00a0l\u2019utilisation des vaccins \u00e0 ARN messager (Pfizer et Moderna).<\/p>\n<p><strong>Lire aussi| <a href=\"https:\/\/www.challenge.ma\/aeroport-mohammed-v-le-nouveau-terminal-dedie-aux-vols-interieurs-est-operationnel-185427\/\">A\u00e9roport Mohammed V : le nouveau terminal d\u00e9di\u00e9 aux vols int\u00e9rieurs est op\u00e9rationnel<\/a><\/strong><\/p>\n<p>Auteur: challenge<br \/>\n<a href=\"https:\/\/www.challenge.ma\/vaccination-anti-covid-plusieurs-cas-de-myocardite-recenses-chez-des-personnes-ayant-recu-les-vaccins-pfizer-et-moderna-185532\/\">Cliquez ici pour lire l&rsquo;article depuis sa source.<\/a><\/p>\n","protected":false},"excerpt":{"rendered":"<p>Apr\u00e8s AstraZeneca ou encore Johnson &amp; Johnson, c\u2019est le tour des vaccins Pfizer et Moderna d\u2019\u00eatre au centre de toutes les pr\u00e9occupation. Les d\u00e9tails. Le Center for Disease Control and prevention (Etats-Unis) a r\u00e9cemment fait savoir que plusieurs cas de myocardite ont \u00e9t\u00e9 recens\u00e9s apr\u00e8s l\u2019injection des vaccins \u00e0 ARN messager de Pfizer et de [&hellip;]<\/p>\n","protected":false},"author":1787,"featured_media":0,"comment_status":"closed","ping_status":"closed","sticky":false,"template":"","format":"standard","meta":{"fifu_image_url":"","fifu_image_alt":"","footnotes":""},"categories":[78,54],"tags":[],"class_list":["post-117320","post","type-post","status-publish","format-standard","hentry","category-economie","category-maroc"],"_links":{"self":[{"href":"https:\/\/linitiative.ca\/International\/wp-json\/wp\/v2\/posts\/117320","targetHints":{"allow":["GET"]}}],"collection":[{"href":"https:\/\/linitiative.ca\/International\/wp-json\/wp\/v2\/posts"}],"about":[{"href":"https:\/\/linitiative.ca\/International\/wp-json\/wp\/v2\/types\/post"}],"author":[{"embeddable":true,"href":"https:\/\/linitiative.ca\/International\/wp-json\/wp\/v2\/users\/1787"}],"replies":[{"embeddable":true,"href":"https:\/\/linitiative.ca\/International\/wp-json\/wp\/v2\/comments?post=117320"}],"version-history":[{"count":0,"href":"https:\/\/linitiative.ca\/International\/wp-json\/wp\/v2\/posts\/117320\/revisions"}],"wp:attachment":[{"href":"https:\/\/linitiative.ca\/International\/wp-json\/wp\/v2\/media?parent=117320"}],"wp:term":[{"taxonomy":"category","embeddable":true,"href":"https:\/\/linitiative.ca\/International\/wp-json\/wp\/v2\/categories?post=117320"},{"taxonomy":"post_tag","embeddable":true,"href":"https:\/\/linitiative.ca\/International\/wp-json\/wp\/v2\/tags?post=117320"}],"curies":[{"name":"wp","href":"https:\/\/api.w.org\/{rel}","templated":true}]}}